{"id":9601,"date":"2026-04-24T16:21:07","date_gmt":"2026-04-24T15:21:07","guid":{"rendered":"https:\/\/recomiend.app\/blog\/?p=9601"},"modified":"2026-04-24T19:32:23","modified_gmt":"2026-04-24T18:32:23","slug":"mercado-reformas-espana-inmobiliario","status":"publish","type":"post","link":"https:\/\/recomiend.app\/blog\/mercado-reformas-espana-inmobiliario\/","title":{"rendered":"El mercado de las reformas: el nuevo motor inmobiliario de Espa\u00f1a"},"content":{"rendered":"\t\t<div data-elementor-type=\"wp-post\" data-elementor-id=\"9601\" class=\"elementor elementor-9601\" data-elementor-post-type=\"post\">\n\t\t\t\t\t\t\t\t\t<section class=\"elementor-section elementor-top-section elementor-element elementor-element-1693320 elementor-section-boxed elementor-section-height-default elementor-section-height-default\" data-id=\"1693320\" data-element_type=\"section\">\n\t\t\t\t\t\t<div class=\"elementor-container elementor-column-gap-default\">\n\t\t\t\t\t<div class=\"elementor-column elementor-col-100 elementor-top-column elementor-element elementor-element-da7eb7e\" data-id=\"da7eb7e\" data-element_type=\"column\">\n\t\t\t<div class=\"elementor-widget-wrap elementor-element-populated\">\n\t\t\t\t\t\t\t\t<div class=\"elementor-element elementor-element-6395903 elementor-widget elementor-widget-text-editor\" data-id=\"6395903\" data-element_type=\"widget\" data-widget_type=\"text-editor.default\">\n\t\t\t\t<div class=\"elementor-widget-container\">\n\t\t\t<style>\/*! elementor - v3.16.0 - 20-09-2023 *\/\n.elementor-widget-text-editor.elementor-drop-cap-view-stacked .elementor-drop-cap{background-color:#69727d;color:#fff}.elementor-widget-text-editor.elementor-drop-cap-view-framed .elementor-drop-cap{color:#69727d;border:3px solid;background-color:transparent}.elementor-widget-text-editor:not(.elementor-drop-cap-view-default) .elementor-drop-cap{margin-top:8px}.elementor-widget-text-editor:not(.elementor-drop-cap-view-default) .elementor-drop-cap-letter{width:1em;height:1em}.elementor-widget-text-editor .elementor-drop-cap{float:left;text-align:center;line-height:1;font-size:50px}.elementor-widget-text-editor .elementor-drop-cap-letter{display:inline-block}<\/style>\t\t\t\t<p><b>Espa\u00f1a vive un momento inmobiliario sin precedentes<\/b><span style=\"font-weight: 400;\"> \u2014 y el mercado de las reformas est\u00e1 en el centro de \u00e9l.<\/span><\/p><p><span style=\"font-weight: 400;\">Los precios de la vivienda acumularon en 2025 una subida del 16,4%, el mayor incremento registrado en 20 a\u00f1os. Se superaron las 700.000 compraventas, el mejor dato desde 2007. Y el d\u00e9ficit estructural de vivienda nueva se mantiene en 700.000 unidades, sin visos de resolverse a corto plazo.<\/span><\/p><p>En este contexto, reformar la vivienda actual ha dejado de ser una decisi\u00f3n est\u00e9tica para convertirse en una respuesta racional al mercado. Y los datos del <a href=\"https:\/\/estudioreformas2026.reeno.es\/\">Estudio de las Reformas 2026<\/a> lo confirman.<\/p>\t\t\t\t\t\t<\/div>\n\t\t\t\t<\/div>\n\t\t\t\t\t<\/div>\n\t\t<\/div>\n\t\t\t\t\t\t\t<\/div>\n\t\t<\/section>\n\t\t\t\t<section class=\"elementor-section elementor-top-section elementor-element elementor-element-d46e71a elementor-section-boxed elementor-section-height-default elementor-section-height-default\" data-id=\"d46e71a\" data-element_type=\"section\">\n\t\t\t\t\t\t<div class=\"elementor-container elementor-column-gap-default\">\n\t\t\t\t\t<div class=\"elementor-column elementor-col-100 elementor-top-column elementor-element elementor-element-abb3d90\" data-id=\"abb3d90\" data-element_type=\"column\">\n\t\t\t<div class=\"elementor-widget-wrap elementor-element-populated\">\n\t\t\t\t\t\t\t\t<div class=\"elementor-element elementor-element-0a5e066 elementor-toc--minimized-on-tablet elementor-widget elementor-widget-table-of-contents\" data-id=\"0a5e066\" data-element_type=\"widget\" data-settings=\"{&quot;headings_by_tags&quot;:[&quot;h2&quot;],&quot;exclude_headings_by_selector&quot;:[],&quot;marker_view&quot;:&quot;numbers&quot;,&quot;minimize_box&quot;:&quot;yes&quot;,&quot;minimized_on&quot;:&quot;tablet&quot;,&quot;hierarchical_view&quot;:&quot;yes&quot;,&quot;min_height&quot;:{&quot;unit&quot;:&quot;px&quot;,&quot;size&quot;:&quot;&quot;,&quot;sizes&quot;:[]},&quot;min_height_tablet&quot;:{&quot;unit&quot;:&quot;px&quot;,&quot;size&quot;:&quot;&quot;,&quot;sizes&quot;:[]},&quot;min_height_mobile&quot;:{&quot;unit&quot;:&quot;px&quot;,&quot;size&quot;:&quot;&quot;,&quot;sizes&quot;:[]}}\" data-widget_type=\"table-of-contents.default\">\n\t\t\t\t<div class=\"elementor-widget-container\">\n\t\t\t<style>\/*! elementor-pro - v3.16.0 - 20-09-2023 *\/\n.elementor-widget-table-of-contents .elementor-toc__header-title{color:var(--header-color)}.elementor-widget-table-of-contents.elementor-toc--collapsed .elementor-toc__toggle-button--collapse,.elementor-widget-table-of-contents:not(.elementor-toc--collapsed) .elementor-toc__toggle-button--expand{display:none}.elementor-widget-table-of-contents .elementor-widget-container{min-height:var(--box-min-height);border:var(--box-border-width,1px) solid var(--box-border-color,#9da5ae);border-radius:var(--box-border-radius,3px);background-color:var(--box-background-color);transition:min-height .4s;overflow:hidden}.elementor-toc__header{display:flex;align-items:center;justify-content:space-between;padding:var(--box-padding,20px);background-color:var(--header-background-color);border-bottom:var(--separator-width,1px) solid var(--box-border-color,#9da5ae)}.elementor-toc__header-title{font-size:18px;margin:0;color:var(--header-color)}.elementor-toc__toggle-button{cursor:pointer;display:inline-flex}.elementor-toc__toggle-button i{color:var(--toggle-button-color)}.elementor-toc__toggle-button svg{height:1em;width:1em;fill:var(--toggle-button-color)}.elementor-toc__spinner-container{text-align:center}.elementor-toc__spinner{font-size:2em}.elementor-toc__spinner.e-font-icon-svg{height:1em;width:1em}.elementor-toc__body{padding:var(--box-padding,20px);max-height:var(--toc-body-max-height);overflow-y:auto}.elementor-toc__body::-webkit-scrollbar{width:7px}.elementor-toc__body::-webkit-scrollbar-thumb{background-color:#babfc5;border-radius:10px}.elementor-toc__list-wrapper{list-style:none;padding:0}.elementor-toc__list-item{margin-bottom:.5em}.elementor-toc__list-item.elementor-item-active{font-weight:700}.elementor-toc__list-item .elementor-toc__list-wrapper{margin-top:.5em;margin-left:var(--nested-list-indent,1em)}.elementor-toc__list-item-text:hover{color:var(--item-text-hover-color);-webkit-text-decoration:var(--item-text-hover-decoration);text-decoration:var(--item-text-hover-decoration)}.elementor-toc__list-item-text.elementor-item-active{color:var(--item-text-active-color);-webkit-text-decoration:var(--item-text-active-decoration);text-decoration:var(--item-text-active-decoration)}.elementor-toc__list-item-text-wrapper{display:flex;align-items:center}.elementor-toc__list-item-text-wrapper:before,.elementor-toc__list-item-text-wrapper i{margin-right:8px;color:var(--marker-color)}.elementor-toc__list-item-text-wrapper svg{margin-right:8px;fill:var(--marker-color);height:var(--marker-size,.5em);width:var(--marker-size,.5em)}.elementor-toc__list-item-text-wrapper i{font-size:var(--marker-size,.5em)}.elementor-toc__list-item-text-wrapper:before{font-size:var(--marker-size,1em)}.elementor-toc--content-ellipsis .elementor-toc__list-item-text{white-space:nowrap;overflow:hidden;text-overflow:ellipsis}.elementor-toc__list-items--collapsible>.elementor-toc__list-wrapper>.elementor-toc__list-item>.elementor-toc__list-wrapper{display:none}.elementor-toc__heading-anchor{position:absolute}.elementor-toc__body .elementor-toc__list-item-text{color:var(--item-text-color);-webkit-text-decoration:var(--item-text-decoration);text-decoration:var(--item-text-decoration)}.elementor-toc__body .elementor-toc__list-item-text:hover{color:var(--item-text-hover-color);-webkit-text-decoration:var(--item-text-hover-decoration);text-decoration:var(--item-text-hover-decoration)}.elementor-toc__body .elementor-toc__list-item-text.elementor-item-active{color:var(--item-text-active-color);-webkit-text-decoration:var(--item-text-active-decoration);text-decoration:var(--item-text-active-decoration)}ol.elementor-toc__list-wrapper{counter-reset:item}ol.elementor-toc__list-wrapper .elementor-toc__list-item{counter-increment:item}ol.elementor-toc__list-wrapper .elementor-toc__list-item-text-wrapper:before{content:counters(item,\".\") \". \"}<\/style>\t\t<div class=\"elementor-toc__header\" aria-controls=\"elementor-toc__body\">\n\t\t\t<h4 class=\"elementor-toc__header-title\">\n\t\t\t\tTabla de contenidos\t\t\t<\/h4>\n\t\t\t\t\t\t\t<div class=\"elementor-toc__toggle-button elementor-toc__toggle-button--expand\" role=\"button\" tabindex=\"0\" aria-label=\"Abrir la tabla de contenidos\"><i aria-hidden=\"true\" class=\"fas fa-chevron-down\"><\/i><\/div>\n\t\t\t\t<div class=\"elementor-toc__toggle-button elementor-toc__toggle-button--collapse\" role=\"button\" tabindex=\"0\" aria-label=\"Cerrar la tabla de contenidos\"><i aria-hidden=\"true\" class=\"fas fa-chevron-up\"><\/i><\/div>\n\t\t\t\t\t<\/div>\n\t\t<div class=\"elementor-toc__body\" aria-expanded=\"true\">\n\t\t\t<div class=\"elementor-toc__spinner-container\">\n\t\t\t\t<i class=\"elementor-toc__spinner eicon-animation-spin eicon-loading\" aria-hidden=\"true\"><\/i>\t\t\t<\/div>\n\t\t<\/div>\n\t\t\t\t<\/div>\n\t\t\t\t<\/div>\n\t\t\t\t\t<\/div>\n\t\t<\/div>\n\t\t\t\t\t\t\t<\/div>\n\t\t<\/section>\n\t\t\t\t<section class=\"elementor-section elementor-top-section elementor-element elementor-element-bb3390c elementor-section-boxed elementor-section-height-default elementor-section-height-default\" data-id=\"bb3390c\" data-element_type=\"section\">\n\t\t\t\t\t\t<div class=\"elementor-container elementor-column-gap-default\">\n\t\t\t\t\t<div class=\"elementor-column elementor-col-100 elementor-top-column elementor-element elementor-element-fef344d\" data-id=\"fef344d\" data-element_type=\"column\">\n\t\t\t<div class=\"elementor-widget-wrap elementor-element-populated\">\n\t\t\t\t\t\t\t\t<div class=\"elementor-element elementor-element-513088c elementor-widget elementor-widget-heading\" data-id=\"513088c\" data-element_type=\"widget\" data-widget_type=\"heading.default\">\n\t\t\t\t<div class=\"elementor-widget-container\">\n\t\t\t<style>\/*! elementor - v3.16.0 - 20-09-2023 *\/\n.elementor-heading-title{padding:0;margin:0;line-height:1}.elementor-widget-heading .elementor-heading-title[class*=elementor-size-]>a{color:inherit;font-size:inherit;line-height:inherit}.elementor-widget-heading .elementor-heading-title.elementor-size-small{font-size:15px}.elementor-widget-heading .elementor-heading-title.elementor-size-medium{font-size:19px}.elementor-widget-heading .elementor-heading-title.elementor-size-large{font-size:29px}.elementor-widget-heading .elementor-heading-title.elementor-size-xl{font-size:39px}.elementor-widget-heading .elementor-heading-title.elementor-size-xxl{font-size:59px}<\/style><h2 class=\"elementor-heading-title elementor-size-default\">Radiograf\u00eda del Mercado: La reforma ya no es opcional<\/h2>\t\t<\/div>\n\t\t\t\t<\/div>\n\t\t\t\t\t<\/div>\n\t\t<\/div>\n\t\t\t\t\t\t\t<\/div>\n\t\t<\/section>\n\t\t\t\t<section class=\"elementor-section elementor-top-section elementor-element elementor-element-d9ab90e elementor-section-boxed elementor-section-height-default elementor-section-height-default\" data-id=\"d9ab90e\" data-element_type=\"section\">\n\t\t\t\t\t\t<div class=\"elementor-container elementor-column-gap-default\">\n\t\t\t\t\t<div class=\"elementor-column elementor-col-100 elementor-top-column elementor-element elementor-element-1e8e87e\" data-id=\"1e8e87e\" data-element_type=\"column\">\n\t\t\t<div class=\"elementor-widget-wrap elementor-element-populated\">\n\t\t\t\t\t\t\t\t<div class=\"elementor-element elementor-element-abfc8d8 elementor-widget elementor-widget-text-editor\" data-id=\"abfc8d8\" data-element_type=\"widget\" data-widget_type=\"text-editor.default\">\n\t\t\t\t<div class=\"elementor-widget-container\">\n\t\t\t\t\t\t\t<p class=\"font-claude-response-body break-words whitespace-normal leading-[1.7]\">Con precios medios que superan los 2.600\u20ac\/m\u00b2 , acceder a una vivienda nueva o cambiarse a una mejor se ha vuelto inalcanzable. La hipoteca no cubre el salto. El ahorro no alcanza.<\/p><p class=\"font-claude-response-body break-words whitespace-normal leading-[1.7]\">La consecuencia l\u00f3gica es quedarse donde se est\u00e1 \u2014 y mejorar lo que se tiene.<\/p><p class=\"font-claude-response-body break-words whitespace-normal leading-[1.7]\"><strong>M\u00e1s de la mitad de las casas y pisos que existen superan los 30 a\u00f1os de antig\u00fcedad<\/strong>. Son inmuebles con distribuciones obsoletas, instalaciones al l\u00edmite y estancias que no responden a las necesidades actuales. Reformarlos es la forma m\u00e1s eficiente de acceder a una vivienda adaptada sin asumir el coste de una compra en un mercado de la vivienda en Espa\u00f1a completamente tensionado.<\/p>\t\t\t\t\t\t<\/div>\n\t\t\t\t<\/div>\n\t\t\t\t\t<\/div>\n\t\t<\/div>\n\t\t\t\t\t\t\t<\/div>\n\t\t<\/section>\n\t\t\t\t<section class=\"elementor-section elementor-top-section elementor-element elementor-element-1d22a65 elementor-section-boxed elementor-section-height-default elementor-section-height-default\" data-id=\"1d22a65\" data-element_type=\"section\">\n\t\t\t\t\t\t<div class=\"elementor-container elementor-column-gap-default\">\n\t\t\t\t\t<div class=\"elementor-column elementor-col-100 elementor-top-column elementor-element elementor-element-0051c5f\" data-id=\"0051c5f\" data-element_type=\"column\">\n\t\t\t<div class=\"elementor-widget-wrap elementor-element-populated\">\n\t\t\t\t\t\t\t\t<div class=\"elementor-element elementor-element-e4fa0b4 elementor-widget elementor-widget-heading\" data-id=\"e4fa0b4\" data-element_type=\"widget\" data-widget_type=\"heading.default\">\n\t\t\t\t<div class=\"elementor-widget-container\">\n\t\t\t<h2 class=\"elementor-heading-title elementor-size-default\">Por qu\u00e9 reformar antes de vender (o alquilar) es la mejor inversi\u00f3n en 2026<\/h2>\t\t<\/div>\n\t\t\t\t<\/div>\n\t\t\t\t\t<\/div>\n\t\t<\/div>\n\t\t\t\t\t\t\t<\/div>\n\t\t<\/section>\n\t\t\t\t<section class=\"elementor-section elementor-top-section elementor-element elementor-element-78d31b2 elementor-section-boxed elementor-section-height-default elementor-section-height-default\" data-id=\"78d31b2\" data-element_type=\"section\">\n\t\t\t\t\t\t<div class=\"elementor-container elementor-column-gap-default\">\n\t\t\t\t\t<div class=\"elementor-column elementor-col-100 elementor-top-column elementor-element elementor-element-e87c1dc\" data-id=\"e87c1dc\" data-element_type=\"column\">\n\t\t\t<div class=\"elementor-widget-wrap elementor-element-populated\">\n\t\t\t\t\t\t\t\t<div class=\"elementor-element elementor-element-26de999 elementor-widget elementor-widget-text-editor\" data-id=\"26de999\" data-element_type=\"widget\" data-widget_type=\"text-editor.default\">\n\t\t\t\t<div class=\"elementor-widget-container\">\n\t\t\t\t\t\t\t<p class=\"font-claude-response-body break-words whitespace-normal leading-[1.7]\"><b>El comprador actual es m\u00e1s exigente que nunca. <\/b>Con precios tan elevados, nadie est\u00e1 dispuesto a pagar el precio m\u00e1ximo por un inmueble que requiere una actualizaci\u00f3n inmediata.\u00a0<\/p><p class=\"font-claude-response-body break-words whitespace-normal leading-[1.7]\">Una reforma estrat\u00e9gica puede incrementar el valor de venta de un inmueble entre un 10% y un 20%. En mercados tensionados como Madrid, Barcelona o Valencia, una inversi\u00f3n media de 8.362 \u20ac puede retornar multiplicada gracias a la revalorizaci\u00f3n del activo. El ROI se concentra especialmente en tres \u00e1reas:<\/p><ul class=\"[li_&amp;]:mb-0 [li_&amp;]:mt-1 [li_&amp;]:gap-1 [&amp;:not(:last-child)_ul]:pb-1 [&amp;:not(:last-child)_ol]:pb-1 list-disc flex flex-col gap-1 pl-8 mb-3\"><li class=\"whitespace-normal break-words pl-2\"><strong>Las reformas en cocina-ba\u00f1o<\/strong>, representan el 72% de la demanda y determina la percepci\u00f3n de calidad del inmueble.<\/li><li class=\"whitespace-normal break-words pl-2\"><strong>La redistribuci\u00f3n funcional<\/strong>: espacios abiertos y zonas de teletrabajo han dejado de ser tendencia para convertirse en requisito.<\/li><li class=\"whitespace-normal break-words pl-2\"><strong>Los exteriores<\/strong>: terraza o balc\u00f3n son ya elementos irrenunciables. Los proyectos que integran exterior e interior registran una rotaci\u00f3n de venta un 30% m\u00e1s r\u00e1pida.<\/li><\/ul>\t\t\t\t\t\t<\/div>\n\t\t\t\t<\/div>\n\t\t\t\t\t<\/div>\n\t\t<\/div>\n\t\t\t\t\t\t\t<\/div>\n\t\t<\/section>\n\t\t\t\t<section class=\"elementor-section elementor-top-section elementor-element elementor-element-2344631 elementor-section-boxed elementor-section-height-default elementor-section-height-default\" data-id=\"2344631\" data-element_type=\"section\">\n\t\t\t\t\t\t<div class=\"elementor-container elementor-column-gap-default\">\n\t\t\t\t\t<div class=\"elementor-column elementor-col-100 elementor-top-column elementor-element elementor-element-71aa5fe\" data-id=\"71aa5fe\" data-element_type=\"column\">\n\t\t\t<div class=\"elementor-widget-wrap elementor-element-populated\">\n\t\t\t\t\t\t\t\t<div class=\"elementor-element elementor-element-f13025e elementor-widget elementor-widget-image\" data-id=\"f13025e\" data-element_type=\"widget\" data-widget_type=\"image.default\">\n\t\t\t\t<div class=\"elementor-widget-container\">\n\t\t\t<style>\/*! elementor - v3.16.0 - 20-09-2023 *\/\n.elementor-widget-image{text-align:center}.elementor-widget-image a{display:inline-block}.elementor-widget-image a img[src$=\".svg\"]{width:48px}.elementor-widget-image img{vertical-align:middle;display:inline-block}<\/style>\t\t\t\t\t\t\t\t\t\t\t\t<img loading=\"lazy\" decoding=\"async\" width=\"800\" height=\"458\" src=\"https:\/\/recomiend.app\/blog\/wp-content\/uploads\/2026\/04\/angulo-vivienda-reforma-recomiendapp-copia-2.png\" class=\"attachment-large size-large wp-image-9616 not-transparent\" alt=\"\" srcset=\"https:\/\/recomiend.app\/blog\/wp-content\/uploads\/2026\/04\/angulo-vivienda-reforma-recomiendapp-copia-2.png 972w, https:\/\/recomiend.app\/blog\/wp-content\/uploads\/2026\/04\/angulo-vivienda-reforma-recomiendapp-copia-2-300x172.png 300w, https:\/\/recomiend.app\/blog\/wp-content\/uploads\/2026\/04\/angulo-vivienda-reforma-recomiendapp-copia-2-768x439.png 768w\" sizes=\"(max-width: 800px) 100vw, 800px\" data-has-transparency=\"false\" data-dominant-color=\"8e877c\" style=\"--dominant-color: #8e877c\" \/>\t\t\t\t\t\t\t\t\t\t\t\t\t\t\t<\/div>\n\t\t\t\t<\/div>\n\t\t\t\t\t<\/div>\n\t\t<\/div>\n\t\t\t\t\t\t\t<\/div>\n\t\t<\/section>\n\t\t\t\t<section class=\"elementor-section elementor-top-section elementor-element elementor-element-10890c8 elementor-section-boxed elementor-section-height-default elementor-section-height-default\" data-id=\"10890c8\" data-element_type=\"section\">\n\t\t\t\t\t\t<div class=\"elementor-container elementor-column-gap-default\">\n\t\t\t\t\t<div class=\"elementor-column elementor-col-100 elementor-top-column elementor-element elementor-element-e32039c\" data-id=\"e32039c\" data-element_type=\"column\">\n\t\t\t<div class=\"elementor-widget-wrap elementor-element-populated\">\n\t\t\t\t\t\t\t\t<div class=\"elementor-element elementor-element-fca37c0 elementor-widget elementor-widget-heading\" data-id=\"fca37c0\" data-element_type=\"widget\" data-widget_type=\"heading.default\">\n\t\t\t\t<div class=\"elementor-widget-container\">\n\t\t\t<h2 class=\"elementor-heading-title elementor-size-default\">Lo que dice el Estudio de las Reformas 2026<\/h2>\t\t<\/div>\n\t\t\t\t<\/div>\n\t\t\t\t\t<\/div>\n\t\t<\/div>\n\t\t\t\t\t\t\t<\/div>\n\t\t<\/section>\n\t\t\t\t<section class=\"elementor-section elementor-top-section elementor-element elementor-element-77cb992 elementor-section-boxed elementor-section-height-default elementor-section-height-default\" data-id=\"77cb992\" data-element_type=\"section\">\n\t\t\t\t\t\t<div class=\"elementor-container elementor-column-gap-default\">\n\t\t\t\t\t<div class=\"elementor-column elementor-col-100 elementor-top-column elementor-element elementor-element-ffe158f\" data-id=\"ffe158f\" data-element_type=\"column\">\n\t\t\t<div class=\"elementor-widget-wrap elementor-element-populated\">\n\t\t\t\t\t\t\t\t<div class=\"elementor-element elementor-element-d6f5c9c elementor-widget elementor-widget-text-editor\" data-id=\"d6f5c9c\" data-element_type=\"widget\" data-widget_type=\"text-editor.default\">\n\t\t\t\t<div class=\"elementor-widget-container\">\n\t\t\t\t\t\t\t<p class=\"font-claude-response-body break-words whitespace-normal leading-[1.7]\">El <a href=\"https:\/\/estudioreformas2026.reeno.es\/\">Estudio de las Reformas 2026<\/a> es la radiograf\u00eda m\u00e1s completa del mercado de las reformas en Espa\u00f1a. Sus datos retratan un cliente m\u00e1s informado, m\u00e1s exigente y con visi\u00f3n de inversi\u00f3n:<\/p><ul class=\"[li_&amp;]:mb-0 [li_&amp;]:mt-1 [li_&amp;]:gap-1 [&amp;:not(:last-child)_ul]:pb-1 [&amp;:not(:last-child)_ol]:pb-1 list-disc flex flex-col gap-1 pl-8 mb-3\"><li class=\"whitespace-normal break-words pl-2\">El <strong>93,8% de los propietarios<\/strong> considera fundamental recibir un proyecto de dise\u00f1o previo. El cliente no solo quiere reformar; quiere hacerlo con criterio.<\/li><li class=\"whitespace-normal break-words pl-2\">El <strong>80,5%<\/strong> quiere participar activamente o supervisar de cerca su reforma. El profesional del sector ha pasado a ejercer tambi\u00e9n como asesor de valor.<\/li><li class=\"whitespace-normal break-words pl-2\"><strong>1 de cada 3 clientes<\/strong> ya est\u00e1 dispuesto a financiar su reforma cuando el retorno esperado es claro, especialmente en proyectos de entre 15.000 y 20.000 \u20ac.<\/li><li class=\"whitespace-normal break-words pl-2\">El <strong>71,7%<\/strong> llega por referencias, pero el 20% ya busca exclusivamente online. La reputaci\u00f3n digital es la nueva boca a boca.<br \/><br \/><\/li><\/ul><p class=\"font-claude-response-body break-words whitespace-normal leading-[1.7]\">Este perfil \u2014 informado, exigente y con visi\u00f3n de inversi\u00f3n \u2014 no es el resultado de una moda. Es la respuesta directa a un mercado en el que la vivienda es cara, escasa y dif\u00edcil de mover sin que est\u00e9 en condiciones.<\/p>\t\t\t\t\t\t<\/div>\n\t\t\t\t<\/div>\n\t\t\t\t\t<\/div>\n\t\t<\/div>\n\t\t\t\t\t\t\t<\/div>\n\t\t<\/section>\n\t\t\t\t<section class=\"elementor-section elementor-top-section elementor-element elementor-element-b050e40 elementor-section-boxed elementor-section-height-default elementor-section-height-default\" data-id=\"b050e40\" data-element_type=\"section\">\n\t\t\t\t\t\t<div class=\"elementor-container elementor-column-gap-default\">\n\t\t\t\t\t<div class=\"elementor-column elementor-col-100 elementor-top-column elementor-element elementor-element-cc39d14\" data-id=\"cc39d14\" data-element_type=\"column\">\n\t\t\t<div class=\"elementor-widget-wrap elementor-element-populated\">\n\t\t\t\t\t\t\t\t<div class=\"elementor-element elementor-element-f60c2d1 elementor-widget elementor-widget-heading\" data-id=\"f60c2d1\" data-element_type=\"widget\" data-widget_type=\"heading.default\">\n\t\t\t\t<div class=\"elementor-widget-container\">\n\t\t\t<h2 class=\"elementor-heading-title elementor-size-default\">Un ciclo que se retroalimenta<\/h2>\t\t<\/div>\n\t\t\t\t<\/div>\n\t\t\t\t\t<\/div>\n\t\t<\/div>\n\t\t\t\t\t\t\t<\/div>\n\t\t<\/section>\n\t\t\t\t<section class=\"elementor-section elementor-top-section elementor-element elementor-element-fb9ee87 elementor-section-boxed elementor-section-height-default elementor-section-height-default\" data-id=\"fb9ee87\" data-element_type=\"section\">\n\t\t\t\t\t\t<div class=\"elementor-container elementor-column-gap-default\">\n\t\t\t\t\t<div class=\"elementor-column elementor-col-100 elementor-top-column elementor-element elementor-element-5179e53\" data-id=\"5179e53\" data-element_type=\"column\">\n\t\t\t<div class=\"elementor-widget-wrap elementor-element-populated\">\n\t\t\t\t\t\t\t\t<div class=\"elementor-element elementor-element-31df89b elementor-widget elementor-widget-text-editor\" data-id=\"31df89b\" data-element_type=\"widget\" data-widget_type=\"text-editor.default\">\n\t\t\t\t<div class=\"elementor-widget-container\">\n\t\t\t\t\t\t\t<p class=\"font-claude-response-body break-words whitespace-normal leading-[1.7]\">Lo m\u00e1s relevante de esta din\u00e1mica es que se autorrefuerza. El mecanismo funciona as\u00ed:<\/p>\t\t\t\t\t\t<\/div>\n\t\t\t\t<\/div>\n\t\t\t\t\t<\/div>\n\t\t<\/div>\n\t\t\t\t\t\t\t<\/div>\n\t\t<\/section>\n\t\t\t\t<section class=\"elementor-section elementor-top-section elementor-element elementor-element-38d7b7f elementor-section-boxed elementor-section-height-default elementor-section-height-default\" data-id=\"38d7b7f\" data-element_type=\"section\">\n\t\t\t\t\t\t<div class=\"elementor-container elementor-column-gap-default\">\n\t\t\t\t\t<div class=\"elementor-column elementor-col-100 elementor-top-column elementor-element elementor-element-1ce9233\" data-id=\"1ce9233\" data-element_type=\"column\">\n\t\t\t<div class=\"elementor-widget-wrap elementor-element-populated\">\n\t\t\t\t\t\t\t\t<div class=\"elementor-element elementor-element-d9913cc elementor-widget elementor-widget-image\" data-id=\"d9913cc\" data-element_type=\"widget\" data-widget_type=\"image.default\">\n\t\t\t\t<div class=\"elementor-widget-container\">\n\t\t\t\t\t\t\t\t\t\t\t\t\t\t\t<img loading=\"lazy\" decoding=\"async\" width=\"800\" height=\"350\" src=\"https:\/\/recomiend.app\/blog\/wp-content\/uploads\/2026\/04\/infografia-angulo-vivienda-copia-1024x448.png\" class=\"attachment-large size-large wp-image-9591 not-transparent\" alt=\"\" srcset=\"https:\/\/recomiend.app\/blog\/wp-content\/uploads\/2026\/04\/infografia-angulo-vivienda-copia-1024x448.png 1024w, https:\/\/recomiend.app\/blog\/wp-content\/uploads\/2026\/04\/infografia-angulo-vivienda-copia-300x131.png 300w, https:\/\/recomiend.app\/blog\/wp-content\/uploads\/2026\/04\/infografia-angulo-vivienda-copia-768x336.png 768w, https:\/\/recomiend.app\/blog\/wp-content\/uploads\/2026\/04\/infografia-angulo-vivienda-copia.png 1266w\" sizes=\"(max-width: 800px) 100vw, 800px\" data-has-transparency=\"false\" data-dominant-color=\"b6afa5\" style=\"--dominant-color: #b6afa5\" \/>\t\t\t\t\t\t\t\t\t\t\t\t\t\t\t<\/div>\n\t\t\t\t<\/div>\n\t\t\t\t\t<\/div>\n\t\t<\/div>\n\t\t\t\t\t\t\t<\/div>\n\t\t<\/section>\n\t\t\t\t<section class=\"elementor-section elementor-top-section elementor-element elementor-element-e54517f elementor-section-boxed elementor-section-height-default elementor-section-height-default\" data-id=\"e54517f\" data-element_type=\"section\">\n\t\t\t\t\t\t<div class=\"elementor-container elementor-column-gap-default\">\n\t\t\t\t\t<div class=\"elementor-column elementor-col-100 elementor-top-column elementor-element elementor-element-661a3b5\" data-id=\"661a3b5\" data-element_type=\"column\">\n\t\t\t<div class=\"elementor-widget-wrap elementor-element-populated\">\n\t\t\t\t\t\t\t\t<div class=\"elementor-element elementor-element-1e68db2 elementor-widget elementor-widget-text-editor\" data-id=\"1e68db2\" data-element_type=\"widget\" data-widget_type=\"text-editor.default\">\n\t\t\t\t<div class=\"elementor-widget-container\">\n\t\t\t\t\t\t\t<p>Con m\u00e1s de la mitad de la vivienda del mercado espa\u00f1ol superando los 30 a\u00f1os de antig\u00fcedad, el potencial de este ciclo es amplio y duradero.\u00a0<\/p><p>El <a href=\"https:\/\/estudioreformas2026.reeno.es\/\">Estudio de las Reformas 2026<\/a> apunta a que los proyectos planificados a medio plazo tienden a ser de mayor alcance y mayor presupuesto \u2014 lo que confirma que esta din\u00e1mica no solo contin\u00faa, sino que se intensifica.<\/p>\t\t\t\t\t\t<\/div>\n\t\t\t\t<\/div>\n\t\t\t\t\t<\/div>\n\t\t<\/div>\n\t\t\t\t\t\t\t<\/div>\n\t\t<\/section>\n\t\t\t\t<section class=\"elementor-section elementor-top-section elementor-element elementor-element-11dd356 elementor-section-boxed elementor-section-height-default elementor-section-height-default\" data-id=\"11dd356\" data-element_type=\"section\">\n\t\t\t\t\t\t<div class=\"elementor-container elementor-column-gap-default\">\n\t\t\t\t\t<div class=\"elementor-column elementor-col-100 elementor-top-column elementor-element elementor-element-a0f3fcd\" data-id=\"a0f3fcd\" data-element_type=\"column\">\n\t\t\t<div class=\"elementor-widget-wrap elementor-element-populated\">\n\t\t\t\t\t\t\t\t<div class=\"elementor-element elementor-element-d6ae792 elementor-widget elementor-widget-heading\" data-id=\"d6ae792\" data-element_type=\"widget\" data-widget_type=\"heading.default\">\n\t\t\t\t<div class=\"elementor-widget-container\">\n\t\t\t<h2 class=\"elementor-heading-title elementor-size-default\">Conclusi\u00f3n: La reforma gana la partida<\/h2>\t\t<\/div>\n\t\t\t\t<\/div>\n\t\t\t\t\t<\/div>\n\t\t<\/div>\n\t\t\t\t\t\t\t<\/div>\n\t\t<\/section>\n\t\t\t\t<section class=\"elementor-section elementor-top-section elementor-element elementor-element-3985b03 elementor-section-boxed elementor-section-height-default elementor-section-height-default\" data-id=\"3985b03\" data-element_type=\"section\">\n\t\t\t\t\t\t<div class=\"elementor-container elementor-column-gap-default\">\n\t\t\t\t\t<div class=\"elementor-column elementor-col-100 elementor-top-column elementor-element elementor-element-5e8009a\" data-id=\"5e8009a\" data-element_type=\"column\">\n\t\t\t<div class=\"elementor-widget-wrap elementor-element-populated\">\n\t\t\t\t\t\t\t\t<div class=\"elementor-element elementor-element-8f379ce elementor-widget elementor-widget-text-editor\" data-id=\"8f379ce\" data-element_type=\"widget\" data-widget_type=\"text-editor.default\">\n\t\t\t\t<div class=\"elementor-widget-container\">\n\t\t\t\t\t\t\t<p class=\"font-claude-response-body break-words whitespace-normal leading-[1.7]\">El auge del <b>mercado de las reformas <\/b>en Espa\u00f1a no es una casualidad. Es la respuesta estructural de un pa\u00eds en el que comprar vivienda nueva es cada vez m\u00e1s dif\u00edcil y en el que el parque residencial existente necesita ponerse al d\u00eda.<\/p><p class=\"font-claude-response-body break-words whitespace-normal leading-[1.7]\">Para el propietario, reformar es simult\u00e1neamente mejorar su calidad de vida y proteger \u2014 o multiplicar \u2014 el valor de su activo. Para el sector, es una oportunidad de enorme recorrido.<\/p><p class=\"font-claude-response-body break-words whitespace-normal leading-[1.7]\">Si quieres profundizar en lo que est\u00e1 pasando actualmente en el mercado de las reformas en Espa\u00f1a, con datos, tendencias y an\u00e1lisis regionales, desc\u00e1rgate gratis el \ud83d\udc49 <a href=\"https:\/\/estudioreformas2026.reeno.es\/\"><strong>Estudio de las Reformas 2026<\/strong><\/a>.<\/p>\t\t\t\t\t\t<\/div>\n\t\t\t\t<\/div>\n\t\t\t\t\t<\/div>\n\t\t<\/div>\n\t\t\t\t\t\t\t<\/div>\n\t\t<\/section>\n\t\t\t\t\t\t\t<\/div>\n\t\t","protected":false},"excerpt":{"rendered":"<p>Espa\u00f1a vive un momento inmobiliario sin precedentes \u2014 y el mercado de las reformas est\u00e1 en el centro de \u00e9l. Los precios de la vivienda acumularon en 2025 una subida del 16,4%, el mayor incremento registrado en 20 a\u00f1os. Se superaron las 700.000 compraventas, el mejor dato desde 2007. Y el d\u00e9ficit estructural de vivienda [&hellip;]<\/p>\n","protected":false},"author":33,"featured_media":9616,"comment_status":"open","ping_status":"open","sticky":false,"template":"elementor_theme","format":"standard","meta":{"inline_featured_image":false,"footnotes":""},"categories":[476,500],"tags":[42,498],"acf":[],"yoast_head":"<!-- This site is optimized with the Yoast SEO plugin v21.0 - https:\/\/yoast.com\/wordpress\/plugins\/seo\/ -->\n<title>El mercado de las reformas: el nuevo motor inmobiliario de Espa\u00f1a - Recomiend.app | Profesionales de confianza<\/title>\n<meta name=\"description\" content=\"El mercado de las reformas en Espa\u00f1a disparara el sector inmobiliario. Desc\u00fabrelo con el Estudio de las Reformas 2026\" \/>\n<meta name=\"robots\" content=\"index, follow, max-snippet:-1, max-image-preview:large, max-video-preview:-1\" \/>\n<link rel=\"canonical\" href=\"https:\/\/recomiend.app\/blog\/mercado-reformas-espana-inmobiliario\/\" \/>\n<meta property=\"og:locale\" content=\"es_ES\" \/>\n<meta property=\"og:type\" content=\"article\" \/>\n<meta property=\"og:title\" content=\"El mercado de las reformas: el nuevo motor inmobiliario de Espa\u00f1a - Recomiend.app | Profesionales de confianza\" \/>\n<meta property=\"og:description\" content=\"El mercado de las reformas en Espa\u00f1a disparara el sector inmobiliario. Desc\u00fabrelo con el Estudio de las Reformas 2026\" \/>\n<meta property=\"og:url\" content=\"https:\/\/recomiend.app\/blog\/mercado-reformas-espana-inmobiliario\/\" \/>\n<meta property=\"og:site_name\" content=\"Recomiend.app | Profesionales de confianza\" \/>\n<meta property=\"article:publisher\" content=\"https:\/\/www.facebook.com\/Recomiendapp\" \/>\n<meta property=\"article:published_time\" content=\"2026-04-24T15:21:07+00:00\" \/>\n<meta property=\"article:modified_time\" content=\"2026-04-24T18:32:23+00:00\" \/>\n<meta property=\"og:image\" content=\"https:\/\/recomiend.app\/blog\/wp-content\/uploads\/2026\/04\/angulo-vivienda-reforma-recomiendapp-copia-2.png\" \/>\n\t<meta property=\"og:image:width\" content=\"972\" \/>\n\t<meta property=\"og:image:height\" content=\"556\" \/>\n\t<meta property=\"og:image:type\" content=\"image\/png\" \/>\n<meta name=\"author\" content=\"Luc\u00eda Cano\" \/>\n<meta name=\"twitter:card\" content=\"summary_large_image\" \/>\n<meta name=\"twitter:creator\" content=\"@recomiendapp\" \/>\n<meta name=\"twitter:site\" content=\"@recomiendapp\" \/>\n<meta name=\"twitter:label1\" content=\"Escrito por\" \/>\n\t<meta name=\"twitter:data1\" content=\"Luc\u00eda Cano\" \/>\n\t<meta name=\"twitter:label2\" content=\"Tiempo de lectura\" \/>\n\t<meta name=\"twitter:data2\" content=\"4 minutos\" \/>\n<script type=\"application\/ld+json\" class=\"yoast-schema-graph\">{\"@context\":\"https:\/\/schema.org\",\"@graph\":[{\"@type\":\"Article\",\"@id\":\"https:\/\/recomiend.app\/blog\/mercado-reformas-espana-inmobiliario\/#article\",\"isPartOf\":{\"@id\":\"https:\/\/recomiend.app\/blog\/mercado-reformas-espana-inmobiliario\/\"},\"author\":{\"name\":\"Luc\u00eda Cano\",\"@id\":\"https:\/\/recomiend.app\/blog\/#\/schema\/person\/e00fcfd8d52903801fab4abd8b257aa0\"},\"headline\":\"El mercado de las reformas: el nuevo motor inmobiliario de Espa\u00f1a\",\"datePublished\":\"2026-04-24T15:21:07+00:00\",\"dateModified\":\"2026-04-24T18:32:23+00:00\",\"mainEntityOfPage\":{\"@id\":\"https:\/\/recomiend.app\/blog\/mercado-reformas-espana-inmobiliario\/\"},\"wordCount\":780,\"commentCount\":0,\"publisher\":{\"@id\":\"https:\/\/recomiend.app\/blog\/#organization\"},\"keywords\":[\"Recomiend.app\",\"reformas\"],\"articleSection\":[\"Aut\u00f3nomos\",\"Reformas\"],\"inLanguage\":\"es\",\"potentialAction\":[{\"@type\":\"CommentAction\",\"name\":\"Comment\",\"target\":[\"https:\/\/recomiend.app\/blog\/mercado-reformas-espana-inmobiliario\/#respond\"]}]},{\"@type\":\"WebPage\",\"@id\":\"https:\/\/recomiend.app\/blog\/mercado-reformas-espana-inmobiliario\/\",\"url\":\"https:\/\/recomiend.app\/blog\/mercado-reformas-espana-inmobiliario\/\",\"name\":\"El mercado de las reformas: el nuevo motor inmobiliario de Espa\u00f1a - Recomiend.app | Profesionales de confianza\",\"isPartOf\":{\"@id\":\"https:\/\/recomiend.app\/blog\/#website\"},\"datePublished\":\"2026-04-24T15:21:07+00:00\",\"dateModified\":\"2026-04-24T18:32:23+00:00\",\"description\":\"El mercado de las reformas en Espa\u00f1a disparara el sector inmobiliario. Desc\u00fabrelo con el Estudio de las Reformas 2026\",\"breadcrumb\":{\"@id\":\"https:\/\/recomiend.app\/blog\/mercado-reformas-espana-inmobiliario\/#breadcrumb\"},\"inLanguage\":\"es\",\"potentialAction\":[{\"@type\":\"ReadAction\",\"target\":[\"https:\/\/recomiend.app\/blog\/mercado-reformas-espana-inmobiliario\/\"]}]},{\"@type\":\"BreadcrumbList\",\"@id\":\"https:\/\/recomiend.app\/blog\/mercado-reformas-espana-inmobiliario\/#breadcrumb\",\"itemListElement\":[{\"@type\":\"ListItem\",\"position\":1,\"name\":\"Portada\",\"item\":\"https:\/\/recomiend.app\/blog\/\"},{\"@type\":\"ListItem\",\"position\":2,\"name\":\"El mercado de las reformas: el nuevo motor inmobiliario de Espa\u00f1a\"}]},{\"@type\":\"WebSite\",\"@id\":\"https:\/\/recomiend.app\/blog\/#website\",\"url\":\"https:\/\/recomiend.app\/blog\/\",\"name\":\"Mejor que un Directorio de Profesionales - Recomiend.app\",\"description\":\"Encuentra en Recomiend.app los mejores profesionales recomendados por tus amigos o gente de tu entorno. Abogado, fisioterapeuta, alba\u00f1il, limpiador, mecanico, pintor.\",\"publisher\":{\"@id\":\"https:\/\/recomiend.app\/blog\/#organization\"},\"potentialAction\":[{\"@type\":\"SearchAction\",\"target\":{\"@type\":\"EntryPoint\",\"urlTemplate\":\"https:\/\/recomiend.app\/blog\/?s={search_term_string}\"},\"query-input\":\"required name=search_term_string\"}],\"inLanguage\":\"es\"},{\"@type\":\"Organization\",\"@id\":\"https:\/\/recomiend.app\/blog\/#organization\",\"name\":\"Recomiend.app\",\"url\":\"https:\/\/recomiend.app\/blog\/\",\"logo\":{\"@type\":\"ImageObject\",\"inLanguage\":\"es\",\"@id\":\"https:\/\/recomiend.app\/blog\/#\/schema\/logo\/image\/\",\"url\":\"https:\/\/recomiend.appwp-content\/uploads\/2023\/01\/LogoRecomiendapp_v2_vertical-blanco-e1673277774782.png\",\"contentUrl\":\"https:\/\/recomiend.appwp-content\/uploads\/2023\/01\/LogoRecomiendapp_v2_vertical-blanco-e1673277774782.png\",\"width\":700,\"height\":127,\"caption\":\"Recomiend.app\"},\"image\":{\"@id\":\"https:\/\/recomiend.app\/blog\/#\/schema\/logo\/image\/\"},\"sameAs\":[\"https:\/\/www.facebook.com\/Recomiendapp\",\"https:\/\/twitter.com\/recomiendapp\",\"https:\/\/www.instagram.com\/recomiend.app\/\",\"https:\/\/www.linkedin.com\/company\/recomiend-app\/\",\"https:\/\/www.youtube.com\/channel\/UCLu1iJqKar73UPOO8-5m7sw\"]},{\"@type\":\"Person\",\"@id\":\"https:\/\/recomiend.app\/blog\/#\/schema\/person\/e00fcfd8d52903801fab4abd8b257aa0\",\"name\":\"Luc\u00eda Cano\",\"url\":\"https:\/\/recomiend.app\/blog\/author\/lucia\/\"}]}<\/script>\n<!-- \/ Yoast SEO plugin. -->","yoast_head_json":{"title":"El mercado de las reformas: el nuevo motor inmobiliario de Espa\u00f1a - Recomiend.app | Profesionales de confianza","description":"El mercado de las reformas en Espa\u00f1a disparara el sector inmobiliario. Desc\u00fabrelo con el Estudio de las Reformas 2026","robots":{"index":"index","follow":"follow","max-snippet":"max-snippet:-1","max-image-preview":"max-image-preview:large","max-video-preview":"max-video-preview:-1"},"canonical":"https:\/\/recomiend.app\/blog\/mercado-reformas-espana-inmobiliario\/","og_locale":"es_ES","og_type":"article","og_title":"El mercado de las reformas: el nuevo motor inmobiliario de Espa\u00f1a - Recomiend.app | Profesionales de confianza","og_description":"El mercado de las reformas en Espa\u00f1a disparara el sector inmobiliario. Desc\u00fabrelo con el Estudio de las Reformas 2026","og_url":"https:\/\/recomiend.app\/blog\/mercado-reformas-espana-inmobiliario\/","og_site_name":"Recomiend.app | Profesionales de confianza","article_publisher":"https:\/\/www.facebook.com\/Recomiendapp","article_published_time":"2026-04-24T15:21:07+00:00","article_modified_time":"2026-04-24T18:32:23+00:00","og_image":[{"width":972,"height":556,"url":"https:\/\/recomiend.app\/blog\/wp-content\/uploads\/2026\/04\/angulo-vivienda-reforma-recomiendapp-copia-2.png","type":"image\/png"}],"author":"Luc\u00eda Cano","twitter_card":"summary_large_image","twitter_creator":"@recomiendapp","twitter_site":"@recomiendapp","twitter_misc":{"Escrito por":"Luc\u00eda Cano","Tiempo de lectura":"4 minutos"},"schema":{"@context":"https:\/\/schema.org","@graph":[{"@type":"Article","@id":"https:\/\/recomiend.app\/blog\/mercado-reformas-espana-inmobiliario\/#article","isPartOf":{"@id":"https:\/\/recomiend.app\/blog\/mercado-reformas-espana-inmobiliario\/"},"author":{"name":"Luc\u00eda Cano","@id":"https:\/\/recomiend.app\/blog\/#\/schema\/person\/e00fcfd8d52903801fab4abd8b257aa0"},"headline":"El mercado de las reformas: el nuevo motor inmobiliario de Espa\u00f1a","datePublished":"2026-04-24T15:21:07+00:00","dateModified":"2026-04-24T18:32:23+00:00","mainEntityOfPage":{"@id":"https:\/\/recomiend.app\/blog\/mercado-reformas-espana-inmobiliario\/"},"wordCount":780,"commentCount":0,"publisher":{"@id":"https:\/\/recomiend.app\/blog\/#organization"},"keywords":["Recomiend.app","reformas"],"articleSection":["Aut\u00f3nomos","Reformas"],"inLanguage":"es","potentialAction":[{"@type":"CommentAction","name":"Comment","target":["https:\/\/recomiend.app\/blog\/mercado-reformas-espana-inmobiliario\/#respond"]}]},{"@type":"WebPage","@id":"https:\/\/recomiend.app\/blog\/mercado-reformas-espana-inmobiliario\/","url":"https:\/\/recomiend.app\/blog\/mercado-reformas-espana-inmobiliario\/","name":"El mercado de las reformas: el nuevo motor inmobiliario de Espa\u00f1a - Recomiend.app | Profesionales de confianza","isPartOf":{"@id":"https:\/\/recomiend.app\/blog\/#website"},"datePublished":"2026-04-24T15:21:07+00:00","dateModified":"2026-04-24T18:32:23+00:00","description":"El mercado de las reformas en Espa\u00f1a disparara el sector inmobiliario. Desc\u00fabrelo con el Estudio de las Reformas 2026","breadcrumb":{"@id":"https:\/\/recomiend.app\/blog\/mercado-reformas-espana-inmobiliario\/#breadcrumb"},"inLanguage":"es","potentialAction":[{"@type":"ReadAction","target":["https:\/\/recomiend.app\/blog\/mercado-reformas-espana-inmobiliario\/"]}]},{"@type":"BreadcrumbList","@id":"https:\/\/recomiend.app\/blog\/mercado-reformas-espana-inmobiliario\/#breadcrumb","itemListElement":[{"@type":"ListItem","position":1,"name":"Portada","item":"https:\/\/recomiend.app\/blog\/"},{"@type":"ListItem","position":2,"name":"El mercado de las reformas: el nuevo motor inmobiliario de Espa\u00f1a"}]},{"@type":"WebSite","@id":"https:\/\/recomiend.app\/blog\/#website","url":"https:\/\/recomiend.app\/blog\/","name":"Mejor que un Directorio de Profesionales - Recomiend.app","description":"Encuentra en Recomiend.app los mejores profesionales recomendados por tus amigos o gente de tu entorno. Abogado, fisioterapeuta, alba\u00f1il, limpiador, mecanico, pintor.","publisher":{"@id":"https:\/\/recomiend.app\/blog\/#organization"},"potentialAction":[{"@type":"SearchAction","target":{"@type":"EntryPoint","urlTemplate":"https:\/\/recomiend.app\/blog\/?s={search_term_string}"},"query-input":"required name=search_term_string"}],"inLanguage":"es"},{"@type":"Organization","@id":"https:\/\/recomiend.app\/blog\/#organization","name":"Recomiend.app","url":"https:\/\/recomiend.app\/blog\/","logo":{"@type":"ImageObject","inLanguage":"es","@id":"https:\/\/recomiend.app\/blog\/#\/schema\/logo\/image\/","url":"https:\/\/recomiend.appwp-content\/uploads\/2023\/01\/LogoRecomiendapp_v2_vertical-blanco-e1673277774782.png","contentUrl":"https:\/\/recomiend.appwp-content\/uploads\/2023\/01\/LogoRecomiendapp_v2_vertical-blanco-e1673277774782.png","width":700,"height":127,"caption":"Recomiend.app"},"image":{"@id":"https:\/\/recomiend.app\/blog\/#\/schema\/logo\/image\/"},"sameAs":["https:\/\/www.facebook.com\/Recomiendapp","https:\/\/twitter.com\/recomiendapp","https:\/\/www.instagram.com\/recomiend.app\/","https:\/\/www.linkedin.com\/company\/recomiend-app\/","https:\/\/www.youtube.com\/channel\/UCLu1iJqKar73UPOO8-5m7sw"]},{"@type":"Person","@id":"https:\/\/recomiend.app\/blog\/#\/schema\/person\/e00fcfd8d52903801fab4abd8b257aa0","name":"Luc\u00eda Cano","url":"https:\/\/recomiend.app\/blog\/author\/lucia\/"}]}},"_links":{"self":[{"href":"https:\/\/recomiend.app\/blog\/wp-json\/wp\/v2\/posts\/9601"}],"collection":[{"href":"https:\/\/recomiend.app\/blog\/wp-json\/wp\/v2\/posts"}],"about":[{"href":"https:\/\/recomiend.app\/blog\/wp-json\/wp\/v2\/types\/post"}],"author":[{"embeddable":true,"href":"https:\/\/recomiend.app\/blog\/wp-json\/wp\/v2\/users\/33"}],"replies":[{"embeddable":true,"href":"https:\/\/recomiend.app\/blog\/wp-json\/wp\/v2\/comments?post=9601"}],"version-history":[{"count":67,"href":"https:\/\/recomiend.app\/blog\/wp-json\/wp\/v2\/posts\/9601\/revisions"}],"predecessor-version":[{"id":9796,"href":"https:\/\/recomiend.app\/blog\/wp-json\/wp\/v2\/posts\/9601\/revisions\/9796"}],"wp:featuredmedia":[{"embeddable":true,"href":"https:\/\/recomiend.app\/blog\/wp-json\/wp\/v2\/media\/9616"}],"wp:attachment":[{"href":"https:\/\/recomiend.app\/blog\/wp-json\/wp\/v2\/media?parent=9601"}],"wp:term":[{"taxonomy":"category","embeddable":true,"href":"https:\/\/recomiend.app\/blog\/wp-json\/wp\/v2\/categories?post=9601"},{"taxonomy":"post_tag","embeddable":true,"href":"https:\/\/recomiend.app\/blog\/wp-json\/wp\/v2\/tags?post=9601"}],"curies":[{"name":"wp","href":"https:\/\/api.w.org\/{rel}","templated":true}]}}