{"id":735,"date":"2022-05-19T11:30:11","date_gmt":"2022-05-19T10:30:11","guid":{"rendered":"https:\/\/blog.recomiend.app\/?p=735"},"modified":"2023-03-31T10:49:38","modified_gmt":"2023-03-31T09:49:38","slug":"me-especialice-en-este-campo-para-ayudar-a-las-personas","status":"publish","type":"post","link":"https:\/\/recomiend.app\/blog\/me-especialice-en-este-campo-para-ayudar-a-las-personas\/","title":{"rendered":"\u00abMe especialic\u00e9 en este campo para ayudar a las personas\u00bb"},"content":{"rendered":"\n<p>Francisco Almod\u00f3var es abogado <strong>especializado en la salud<\/strong>, ayuda a personas en temas como <strong>negligencias m\u00e9dicas<\/strong> y da\u00f1os por <strong>medicamentos <\/strong>entre otras cosas. <\/p>\n\n\n\n<p>Estudi\u00f3 un a\u00f1o de historia en la <strong>Universidad de Alcal\u00e1 de Henares<\/strong> pero pronto se dio cuenta que esa no era su profesi\u00f3n, por eso, cambi\u00f3 de carrera y estudi\u00f3 <strong>abogac\u00eda<\/strong> en la <strong><a href=\"https:\/\/www.ucm.es\/\" target=\"_blank\" rel=\"noreferrer noopener\">Universidad Complutense de Madrid<\/a><\/strong>. Sigui\u00f3 form\u00e1ndose en Aliter en la Escuela Internacional de Negocios donde hizo un <strong>Master<\/strong> <strong>de Derecho de las Nuevas tecnolog\u00edas y de las telecomunicaciones<\/strong>. M\u00e1s tarde continu\u00f3 con su aprendizaje en derecho farmac\u00e9utico en el <strong><a href=\"https:\/\/eupharlaw.com\/\" target=\"_blank\" rel=\"noreferrer noopener\">European Pharmaceutical Law Group<\/a><\/strong>, donde trabaj\u00f3 5 a\u00f1os en el departamento de protecci\u00f3n de datos.<\/p>\n\n\n\n<p>A lo largo de su vida ha fundado la <a href=\"http:\/\/www.asomedic.org\" target=\"_blank\" rel=\"noreferrer noopener\">Asociaci\u00f3n Internacional de Afectados por Medicamentos y productos Sanitarios<\/a>, adem\u00e1s de ser socio fundador del <a href=\"http:\/\/www.bufeteram.com\/\" target=\"_blank\" rel=\"noreferrer noopener\">Bufete RAM<\/a> y <a href=\"http:\/\/www.almodovarjara.com\/\" target=\"_blank\" rel=\"noreferrer noopener\">Bufete Almod\u00f3var&amp;Jara<\/a>. <\/p>\n\n\n\n<p>En el 2005 public\u00f3 el libro <strong>\u00abEl dato personal terap\u00e9utico\u00bb <\/strong>que cuenta el uso de las nuevas tecnolog\u00edas en salud y la proyecci\u00f3n de los datos personales. Actualmente es profesor del <a href=\"https:\/\/www.estudiaradistancia.es\/universidad-rey-juan-carlos\/master-universitarios-en-responsabilidad-civil-extracontractual#:~:text=M%C3%A1ster%20Universitarios%20en%20Responsabilidad%20Civil%20Extracontractual%20La%20carrera,A%C3%91OS%20La%20carrera%20est%C3%A1%20compuesta%20por%2010%20materias.\" target=\"_blank\" rel=\"noreferrer noopener\">M\u00e1ster de responsabilidad civil extracontractual<\/a> en la <a href=\"https:\/\/www.urjc.es\/\" target=\"_blank\" rel=\"noreferrer noopener\">Universidad Rey Juan Carlos I<\/a> y profesor en M\u00e1ster en Salud Geoambiental del <a href=\"https:\/\/www.saludgeoambiental.org\/\" target=\"_blank\" rel=\"noreferrer noopener\">Instituto de Salud Geoambiental. <\/a><\/p>\n\n\n\n<h3 class=\"wp-block-heading\">En esta profesi\u00f3n no hay nada mon\u00f3tono. <\/h3>\n\n\n\n<p>\u00abLo que m\u00e1s disfruto ejerciendo de abogado es la variedad de los casos, cada uno tiene sus matices y sus detalles. Nunca tienes dos casos iguales lo que es emocionante en algunos momentos por la adrenalina que te produce \u00ab. Tanto a nivel personal como profesional supone un <strong>gran sacrificio<\/strong> <strong>y esfuerzo de tiempo<\/strong> ya s\u00e9 por los cambios eventuales de la normativa o en algunos casos la complejidad de ellos.<\/p>\n\n\n\n<h3 class=\"wp-block-heading\">La impresi\u00f3n de ser abogado <\/h3>\n\n\n\n<p> \u00abLa imagen no es buena, piensan que solo les interesan es el dinero, cuando es todo lo contrario\u00bb. La percepci\u00f3n social en su mayor\u00eda tiene una <strong>imagen err\u00f3nea<\/strong> de lo que se supone de ser abogado. Es una profesi\u00f3n como cualquier otra, donde se dedica tiempo y esfuerzo para trasmitir <strong>seguridad y confianza<\/strong> a la persona que contrata los servicios.<\/p>\n\n\n\n<h3 class=\"wp-block-heading\">El control de la emociones<\/h3>\n\n\n\n<p>La salud emocional en su mayor\u00eda es compleja. Pero \u00bfC\u00f3mo lidia un abogado en el d\u00eda a d\u00eda? Francisco nos cuenta que le supuso un <strong>gran esfuerzo<\/strong> encontrar un <strong>equilibrio emocional<\/strong>, ya que inconscientemente terminaba pensando en el caso que ten\u00eda lo que supon\u00eda un estr\u00e9s, se intensificaba m\u00e1s esas emociones cuando se acercaba el proceso final del juicio.  <\/p>\n\n\n\n<p>Aprendi\u00f3 poco a poco a liberar sus pensamientos a trav\u00e9s de hobbies que tiene como el <strong>deporte o la pintura<\/strong>. <\/p>\n\n\n\n<h3 class=\"wp-block-heading\">Servicios que ofrece<\/h3>\n\n\n\n<p>Normalmente trata con ciudadanos que han sufrido una <strong>negligencia m\u00e9dica<\/strong> o <strong>da\u00f1os por un<\/strong> <strong>medicamento y productos sanitarios<\/strong>. Pero tambi\u00e9n ayuda a empresas con temas de <strong>sanciones administrativas<\/strong> o <strong>asuntos penales y\/o sociales<\/strong>.<\/p>\n\n\n\n<p>El servicio m\u00e1s demandado que tiene es la <strong>asistencia legal y m\u00e9dico\/ farmac\u00e9utico legal. <\/strong><\/p>\n\n\n\n<h3 class=\"wp-block-heading\">\u00bfC\u00f3mo consigue clientes?<\/h3>\n\n\n\n<p>Trabaja con un <a href=\"http:\/\/www.migueljara.com\/about\/\" target=\"_blank\" rel=\"noreferrer noopener\">Miguel Jarra<\/a> periodista freelance, es escritor. Adem\u00e1s participa en programas de radio y televisi\u00f3n, redes sociales en <a href=\"https:\/\/www.linkedin.com\/in\/francisco-almod%C3%B3var-naval%C3%B3n-32679518\" target=\"_blank\" rel=\"noreferrer noopener\">Linkedin <\/a>y <a href=\"https:\/\/twitter.com\/pacoalmodovar\" target=\"_blank\" rel=\"noreferrer noopener\">Twitter<\/a>. <\/p>\n\n\n\n<figure class=\"wp-block-image size-large\"><img loading=\"lazy\" decoding=\"async\" width=\"1024\" height=\"576\" src=\"https:\/\/blog.recomiend.app\/wp-content\/uploads\/2022\/05\/zyro-image-1024x576.jpg\" alt=\"\" class=\"wp-image-744\" srcset=\"https:\/\/recomiend.app\/blog\/wp-content\/uploads\/2022\/05\/zyro-image-1024x576.jpg 1024w, https:\/\/recomiend.app\/blog\/wp-content\/uploads\/2022\/05\/zyro-image-300x169.jpg 300w, https:\/\/recomiend.app\/blog\/wp-content\/uploads\/2022\/05\/zyro-image-768x432.jpg 768w, https:\/\/recomiend.app\/blog\/wp-content\/uploads\/2022\/05\/zyro-image-1536x865.jpg 1536w, https:\/\/recomiend.app\/blog\/wp-content\/uploads\/2022\/05\/zyro-image-107x60.jpg 107w, https:\/\/recomiend.app\/blog\/wp-content\/uploads\/2022\/05\/zyro-image-840x473.jpg 840w, https:\/\/recomiend.app\/blog\/wp-content\/uploads\/2022\/05\/zyro-image.jpg 1876w\" sizes=\"(max-width: 1024px) 100vw, 1024px\" \/><\/figure>\n\n\n\n<h3 class=\"wp-block-heading\">Las experiencias son un aprendizaje<\/h3>\n\n\n\n<p>Las dificultades en el mundo de la abogac\u00eda suelen ser constantes ya sea por cambio de fechas, sorpresas, falta de documentos, temas econ\u00f3micos, etc. Con el paso de los a\u00f1os estos problemas se van minimizando porque vas adquiriendo experiencia, por lo que pensar en positivo es uno de los factores importantes para afrontar estos inconvenientes. <\/p>\n\n\n\n<p>Las experiencias que m\u00e1s satisfacci\u00f3n le producen son:<\/p>\n\n\n\n<ol>\n<li>Salir de un juicio que dur\u00f3 varios d\u00edas<\/li>\n\n\n\n<li>Cuando te comunican una sentencia favorable<\/li>\n\n\n\n<li>Cuando un cliente te da las gracias por tu trabajo.<\/li>\n<\/ol>\n\n\n\n<h3 class=\"wp-block-heading\">An\u00e9cdota<\/h3>\n\n\n\n<p>Una an\u00e9cdota interesante que nos cuenta Francisco, es que hoy en d\u00eda es com\u00fan recibir llamadas de jueces o altos cargos de la industria farmac\u00e9utica por problemas con medicamentos, algo que no pasaba hace 10 a\u00f1os. Lo que sorprende es el cambio que se ha producido a lo largo de esta d\u00e9cada. <\/p>\n\n\n\n<h3 class=\"wp-block-heading\">Modelo a seguir.<\/h3>\n\n\n\n<p>Uno de los modelos a seguir de Francisco fue el abogado <strong>D. Manuel Amarilla <\/strong>que fue su maestro, tambi\u00e9n abogados estadounidenses, sobre todo, aquellos que pueden aportarle informaci\u00f3n y estrategias para implementarlas en su trabajo. <\/p>\n\n\n\n<p>Para acabar Francisco Almod\u00f3var nos recomienda a <a href=\"https:\/\/www.emerita.legal\/abogado\/angel-bernardo-pisabarro-de-lucas-82356\" target=\"_blank\" rel=\"noreferrer noopener\">\u00c1ngel Pisabarro de Lucas<\/a> abogado especialista en temas penales y sociales. <\/p>\n","protected":false},"excerpt":{"rendered":"<p>Francisco Almod\u00f3var es abogado especializado en la salud, ayuda a personas en temas como negligencias m\u00e9dicas y da\u00f1os por medicamentos entre otras cosas. Estudi\u00f3 un a\u00f1o de historia en la Universidad de Alcal\u00e1 de Henares pero pronto se dio cuenta que esa no era su profesi\u00f3n, por eso, cambi\u00f3 de carrera y estudi\u00f3 abogac\u00eda en [&hellip;]<\/p>\n","protected":false},"author":9,"featured_media":737,"comment_status":"open","ping_status":"closed","sticky":false,"template":"elementor_theme","format":"standard","meta":{"inline_featured_image":false,"footnotes":""},"categories":[138,7],"tags":[123,80,480],"acf":[],"yoast_head":"<!-- This site is optimized with the Yoast SEO plugin v21.0 - https:\/\/yoast.com\/wordpress\/plugins\/seo\/ -->\n<title>&quot;Me especialic\u00e9 en este campo para ayudar a las personas&quot; - Recomiend.app | Profesionales de confianza<\/title>\n<meta name=\"description\" content=\"Francisco Almod\u00f3var especialista en la salud nos cuenta su trayectoria y su experiencia de ser abogado en este campo.\" \/>\n<meta name=\"robots\" content=\"index, follow, max-snippet:-1, max-image-preview:large, max-video-preview:-1\" \/>\n<link rel=\"canonical\" href=\"https:\/\/recomiend.app\/blog\/me-especialice-en-este-campo-para-ayudar-a-las-personas\/\" \/>\n<meta property=\"og:locale\" content=\"es_ES\" \/>\n<meta property=\"og:type\" content=\"article\" \/>\n<meta property=\"og:title\" content=\"&quot;Me especialic\u00e9 en este campo para ayudar a las personas&quot; - Recomiend.app | Profesionales de confianza\" \/>\n<meta property=\"og:description\" content=\"Francisco Almod\u00f3var especialista en la salud nos cuenta su trayectoria y su experiencia de ser abogado en este campo.\" \/>\n<meta property=\"og:url\" content=\"https:\/\/recomiend.app\/blog\/me-especialice-en-este-campo-para-ayudar-a-las-personas\/\" \/>\n<meta property=\"og:site_name\" content=\"Recomiend.app | Profesionales de confianza\" \/>\n<meta property=\"article:publisher\" content=\"https:\/\/www.facebook.com\/Recomiendapp\" \/>\n<meta property=\"article:published_time\" content=\"2022-05-19T10:30:11+00:00\" \/>\n<meta property=\"article:modified_time\" content=\"2023-03-31T09:49:38+00:00\" \/>\n<meta property=\"og:image\" content=\"https:\/\/recomiend.app\/blog\/wp-content\/uploads\/2022\/05\/Despacho-e1652958406174.jpg\" \/>\n\t<meta property=\"og:image:width\" content=\"1200\" \/>\n\t<meta property=\"og:image:height\" content=\"800\" \/>\n\t<meta property=\"og:image:type\" content=\"image\/jpeg\" \/>\n<meta name=\"author\" content=\"Aitana Rodr\u00edguez\" \/>\n<meta name=\"twitter:card\" content=\"summary_large_image\" \/>\n<meta name=\"twitter:image\" content=\"https:\/\/recomiend.app\/blog\/wp-content\/uploads\/2022\/05\/Despacho-e1652958406174.jpg\" \/>\n<meta name=\"twitter:creator\" content=\"@recomiendapp\" \/>\n<meta name=\"twitter:site\" content=\"@recomiendapp\" \/>\n<meta name=\"twitter:label1\" content=\"Escrito por\" \/>\n\t<meta name=\"twitter:data1\" content=\"Aitana Rodr\u00edguez\" \/>\n\t<meta name=\"twitter:label2\" content=\"Tiempo de lectura\" \/>\n\t<meta name=\"twitter:data2\" content=\"4 minutos\" \/>\n<script type=\"application\/ld+json\" class=\"yoast-schema-graph\">{\"@context\":\"https:\/\/schema.org\",\"@graph\":[{\"@type\":\"Article\",\"@id\":\"https:\/\/recomiend.app\/blog\/me-especialice-en-este-campo-para-ayudar-a-las-personas\/#article\",\"isPartOf\":{\"@id\":\"https:\/\/recomiend.app\/blog\/me-especialice-en-este-campo-para-ayudar-a-las-personas\/\"},\"author\":{\"name\":\"Aitana Rodr\u00edguez\",\"@id\":\"https:\/\/recomiend.app\/blog\/#\/schema\/person\/fd97ad73b2df3516acf572628633f25b\"},\"headline\":\"\u00abMe especialic\u00e9 en este campo para ayudar a las personas\u00bb\",\"datePublished\":\"2022-05-19T10:30:11+00:00\",\"dateModified\":\"2023-03-31T09:49:38+00:00\",\"mainEntityOfPage\":{\"@id\":\"https:\/\/recomiend.app\/blog\/me-especialice-en-este-campo-para-ayudar-a-las-personas\/\"},\"wordCount\":769,\"commentCount\":0,\"publisher\":{\"@id\":\"https:\/\/recomiend.app\/blog\/#organization\"},\"keywords\":[\"Aut\u00f3nomos\",\"health\",\"nacional\"],\"articleSection\":[\"Abogados\",\"Trabajo\"],\"inLanguage\":\"es\",\"potentialAction\":[{\"@type\":\"CommentAction\",\"name\":\"Comment\",\"target\":[\"https:\/\/recomiend.app\/blog\/me-especialice-en-este-campo-para-ayudar-a-las-personas\/#respond\"]}]},{\"@type\":\"WebPage\",\"@id\":\"https:\/\/recomiend.app\/blog\/me-especialice-en-este-campo-para-ayudar-a-las-personas\/\",\"url\":\"https:\/\/recomiend.app\/blog\/me-especialice-en-este-campo-para-ayudar-a-las-personas\/\",\"name\":\"\\\"Me especialic\u00e9 en este campo para ayudar a las personas\\\" - Recomiend.app | Profesionales de confianza\",\"isPartOf\":{\"@id\":\"https:\/\/recomiend.app\/blog\/#website\"},\"datePublished\":\"2022-05-19T10:30:11+00:00\",\"dateModified\":\"2023-03-31T09:49:38+00:00\",\"description\":\"Francisco Almod\u00f3var especialista en la salud nos cuenta su trayectoria y su experiencia de ser abogado en este campo.\",\"breadcrumb\":{\"@id\":\"https:\/\/recomiend.app\/blog\/me-especialice-en-este-campo-para-ayudar-a-las-personas\/#breadcrumb\"},\"inLanguage\":\"es\",\"potentialAction\":[{\"@type\":\"ReadAction\",\"target\":[\"https:\/\/recomiend.app\/blog\/me-especialice-en-este-campo-para-ayudar-a-las-personas\/\"]}]},{\"@type\":\"BreadcrumbList\",\"@id\":\"https:\/\/recomiend.app\/blog\/me-especialice-en-este-campo-para-ayudar-a-las-personas\/#breadcrumb\",\"itemListElement\":[{\"@type\":\"ListItem\",\"position\":1,\"name\":\"Portada\",\"item\":\"https:\/\/recomiend.app\/blog\/\"},{\"@type\":\"ListItem\",\"position\":2,\"name\":\"\u00abMe especialic\u00e9 en este campo para ayudar a las personas\u00bb\"}]},{\"@type\":\"WebSite\",\"@id\":\"https:\/\/recomiend.app\/blog\/#website\",\"url\":\"https:\/\/recomiend.app\/blog\/\",\"name\":\"Mejor que un Directorio de Profesionales - Recomiend.app\",\"description\":\"Encuentra en Recomiend.app los mejores profesionales recomendados por tus amigos o gente de tu entorno. Abogado, fisioterapeuta, alba\u00f1il, limpiador, mecanico, pintor.\",\"publisher\":{\"@id\":\"https:\/\/recomiend.app\/blog\/#organization\"},\"potentialAction\":[{\"@type\":\"SearchAction\",\"target\":{\"@type\":\"EntryPoint\",\"urlTemplate\":\"https:\/\/recomiend.app\/blog\/?s={search_term_string}\"},\"query-input\":\"required name=search_term_string\"}],\"inLanguage\":\"es\"},{\"@type\":\"Organization\",\"@id\":\"https:\/\/recomiend.app\/blog\/#organization\",\"name\":\"Recomiend.app\",\"url\":\"https:\/\/recomiend.app\/blog\/\",\"logo\":{\"@type\":\"ImageObject\",\"inLanguage\":\"es\",\"@id\":\"https:\/\/recomiend.app\/blog\/#\/schema\/logo\/image\/\",\"url\":\"https:\/\/recomiend.appwp-content\/uploads\/2023\/01\/LogoRecomiendapp_v2_vertical-blanco-e1673277774782.png\",\"contentUrl\":\"https:\/\/recomiend.appwp-content\/uploads\/2023\/01\/LogoRecomiendapp_v2_vertical-blanco-e1673277774782.png\",\"width\":700,\"height\":127,\"caption\":\"Recomiend.app\"},\"image\":{\"@id\":\"https:\/\/recomiend.app\/blog\/#\/schema\/logo\/image\/\"},\"sameAs\":[\"https:\/\/www.facebook.com\/Recomiendapp\",\"https:\/\/twitter.com\/recomiendapp\",\"https:\/\/www.instagram.com\/recomiend.app\/\",\"https:\/\/www.linkedin.com\/company\/recomiend-app\/\",\"https:\/\/www.youtube.com\/channel\/UCLu1iJqKar73UPOO8-5m7sw\"]},{\"@type\":\"Person\",\"@id\":\"https:\/\/recomiend.app\/blog\/#\/schema\/person\/fd97ad73b2df3516acf572628633f25b\",\"name\":\"Aitana Rodr\u00edguez\",\"url\":\"https:\/\/recomiend.app\/blog\/author\/aitana\/\"}]}<\/script>\n<!-- \/ Yoast SEO plugin. -->","yoast_head_json":{"title":"\"Me especialic\u00e9 en este campo para ayudar a las personas\" - Recomiend.app | Profesionales de confianza","description":"Francisco Almod\u00f3var especialista en la salud nos cuenta su trayectoria y su experiencia de ser abogado en este campo.","robots":{"index":"index","follow":"follow","max-snippet":"max-snippet:-1","max-image-preview":"max-image-preview:large","max-video-preview":"max-video-preview:-1"},"canonical":"https:\/\/recomiend.app\/blog\/me-especialice-en-este-campo-para-ayudar-a-las-personas\/","og_locale":"es_ES","og_type":"article","og_title":"\"Me especialic\u00e9 en este campo para ayudar a las personas\" - Recomiend.app | Profesionales de confianza","og_description":"Francisco Almod\u00f3var especialista en la salud nos cuenta su trayectoria y su experiencia de ser abogado en este campo.","og_url":"https:\/\/recomiend.app\/blog\/me-especialice-en-este-campo-para-ayudar-a-las-personas\/","og_site_name":"Recomiend.app | Profesionales de confianza","article_publisher":"https:\/\/www.facebook.com\/Recomiendapp","article_published_time":"2022-05-19T10:30:11+00:00","article_modified_time":"2023-03-31T09:49:38+00:00","og_image":[{"width":1200,"height":800,"url":"https:\/\/recomiend.app\/blog\/wp-content\/uploads\/2022\/05\/Despacho-e1652958406174.jpg","type":"image\/jpeg"}],"author":"Aitana Rodr\u00edguez","twitter_card":"summary_large_image","twitter_image":"https:\/\/recomiend.app\/blog\/wp-content\/uploads\/2022\/05\/Despacho-e1652958406174.jpg","twitter_creator":"@recomiendapp","twitter_site":"@recomiendapp","twitter_misc":{"Escrito por":"Aitana Rodr\u00edguez","Tiempo de lectura":"4 minutos"},"schema":{"@context":"https:\/\/schema.org","@graph":[{"@type":"Article","@id":"https:\/\/recomiend.app\/blog\/me-especialice-en-este-campo-para-ayudar-a-las-personas\/#article","isPartOf":{"@id":"https:\/\/recomiend.app\/blog\/me-especialice-en-este-campo-para-ayudar-a-las-personas\/"},"author":{"name":"Aitana Rodr\u00edguez","@id":"https:\/\/recomiend.app\/blog\/#\/schema\/person\/fd97ad73b2df3516acf572628633f25b"},"headline":"\u00abMe especialic\u00e9 en este campo para ayudar a las personas\u00bb","datePublished":"2022-05-19T10:30:11+00:00","dateModified":"2023-03-31T09:49:38+00:00","mainEntityOfPage":{"@id":"https:\/\/recomiend.app\/blog\/me-especialice-en-este-campo-para-ayudar-a-las-personas\/"},"wordCount":769,"commentCount":0,"publisher":{"@id":"https:\/\/recomiend.app\/blog\/#organization"},"keywords":["Aut\u00f3nomos","health","nacional"],"articleSection":["Abogados","Trabajo"],"inLanguage":"es","potentialAction":[{"@type":"CommentAction","name":"Comment","target":["https:\/\/recomiend.app\/blog\/me-especialice-en-este-campo-para-ayudar-a-las-personas\/#respond"]}]},{"@type":"WebPage","@id":"https:\/\/recomiend.app\/blog\/me-especialice-en-este-campo-para-ayudar-a-las-personas\/","url":"https:\/\/recomiend.app\/blog\/me-especialice-en-este-campo-para-ayudar-a-las-personas\/","name":"\"Me especialic\u00e9 en este campo para ayudar a las personas\" - Recomiend.app | Profesionales de confianza","isPartOf":{"@id":"https:\/\/recomiend.app\/blog\/#website"},"datePublished":"2022-05-19T10:30:11+00:00","dateModified":"2023-03-31T09:49:38+00:00","description":"Francisco Almod\u00f3var especialista en la salud nos cuenta su trayectoria y su experiencia de ser abogado en este campo.","breadcrumb":{"@id":"https:\/\/recomiend.app\/blog\/me-especialice-en-este-campo-para-ayudar-a-las-personas\/#breadcrumb"},"inLanguage":"es","potentialAction":[{"@type":"ReadAction","target":["https:\/\/recomiend.app\/blog\/me-especialice-en-este-campo-para-ayudar-a-las-personas\/"]}]},{"@type":"BreadcrumbList","@id":"https:\/\/recomiend.app\/blog\/me-especialice-en-este-campo-para-ayudar-a-las-personas\/#breadcrumb","itemListElement":[{"@type":"ListItem","position":1,"name":"Portada","item":"https:\/\/recomiend.app\/blog\/"},{"@type":"ListItem","position":2,"name":"\u00abMe especialic\u00e9 en este campo para ayudar a las personas\u00bb"}]},{"@type":"WebSite","@id":"https:\/\/recomiend.app\/blog\/#website","url":"https:\/\/recomiend.app\/blog\/","name":"Mejor que un Directorio de Profesionales - Recomiend.app","description":"Encuentra en Recomiend.app los mejores profesionales recomendados por tus amigos o gente de tu entorno. Abogado, fisioterapeuta, alba\u00f1il, limpiador, mecanico, pintor.","publisher":{"@id":"https:\/\/recomiend.app\/blog\/#organization"},"potentialAction":[{"@type":"SearchAction","target":{"@type":"EntryPoint","urlTemplate":"https:\/\/recomiend.app\/blog\/?s={search_term_string}"},"query-input":"required name=search_term_string"}],"inLanguage":"es"},{"@type":"Organization","@id":"https:\/\/recomiend.app\/blog\/#organization","name":"Recomiend.app","url":"https:\/\/recomiend.app\/blog\/","logo":{"@type":"ImageObject","inLanguage":"es","@id":"https:\/\/recomiend.app\/blog\/#\/schema\/logo\/image\/","url":"https:\/\/recomiend.appwp-content\/uploads\/2023\/01\/LogoRecomiendapp_v2_vertical-blanco-e1673277774782.png","contentUrl":"https:\/\/recomiend.appwp-content\/uploads\/2023\/01\/LogoRecomiendapp_v2_vertical-blanco-e1673277774782.png","width":700,"height":127,"caption":"Recomiend.app"},"image":{"@id":"https:\/\/recomiend.app\/blog\/#\/schema\/logo\/image\/"},"sameAs":["https:\/\/www.facebook.com\/Recomiendapp","https:\/\/twitter.com\/recomiendapp","https:\/\/www.instagram.com\/recomiend.app\/","https:\/\/www.linkedin.com\/company\/recomiend-app\/","https:\/\/www.youtube.com\/channel\/UCLu1iJqKar73UPOO8-5m7sw"]},{"@type":"Person","@id":"https:\/\/recomiend.app\/blog\/#\/schema\/person\/fd97ad73b2df3516acf572628633f25b","name":"Aitana Rodr\u00edguez","url":"https:\/\/recomiend.app\/blog\/author\/aitana\/"}]}},"_links":{"self":[{"href":"https:\/\/recomiend.app\/blog\/wp-json\/wp\/v2\/posts\/735"}],"collection":[{"href":"https:\/\/recomiend.app\/blog\/wp-json\/wp\/v2\/posts"}],"about":[{"href":"https:\/\/recomiend.app\/blog\/wp-json\/wp\/v2\/types\/post"}],"author":[{"embeddable":true,"href":"https:\/\/recomiend.app\/blog\/wp-json\/wp\/v2\/users\/9"}],"replies":[{"embeddable":true,"href":"https:\/\/recomiend.app\/blog\/wp-json\/wp\/v2\/comments?post=735"}],"version-history":[{"count":10,"href":"https:\/\/recomiend.app\/blog\/wp-json\/wp\/v2\/posts\/735\/revisions"}],"predecessor-version":[{"id":2277,"href":"https:\/\/recomiend.app\/blog\/wp-json\/wp\/v2\/posts\/735\/revisions\/2277"}],"wp:featuredmedia":[{"embeddable":true,"href":"https:\/\/recomiend.app\/blog\/wp-json\/wp\/v2\/media\/737"}],"wp:attachment":[{"href":"https:\/\/recomiend.app\/blog\/wp-json\/wp\/v2\/media?parent=735"}],"wp:term":[{"taxonomy":"category","embeddable":true,"href":"https:\/\/recomiend.app\/blog\/wp-json\/wp\/v2\/categories?post=735"},{"taxonomy":"post_tag","embeddable":true,"href":"https:\/\/recomiend.app\/blog\/wp-json\/wp\/v2\/tags?post=735"}],"curies":[{"name":"wp","href":"https:\/\/api.w.org\/{rel}","templated":true}]}}