{"id":6807,"date":"2025-07-01T17:44:41","date_gmt":"2025-07-01T16:44:41","guid":{"rendered":"https:\/\/recomiend.app\/blog\/?p=6807"},"modified":"2025-09-24T12:40:46","modified_gmt":"2025-09-24T11:40:46","slug":"arquitectos-reformas-famosos","status":"publish","type":"post","link":"https:\/\/recomiend.app\/blog\/arquitectos-reformas-famosos\/","title":{"rendered":"Arquitectos y reformistas de los famosos"},"content":{"rendered":"\t\t<div data-elementor-type=\"wp-post\" data-elementor-id=\"6807\" class=\"elementor elementor-6807\" data-elementor-post-type=\"post\">\n\t\t\t\t\t\t\t\t\t<section class=\"elementor-section elementor-top-section elementor-element elementor-element-3c75e10d elementor-section-boxed elementor-section-height-default elementor-section-height-default\" data-id=\"3c75e10d\" data-element_type=\"section\">\n\t\t\t\t\t\t<div class=\"elementor-container elementor-column-gap-default\">\n\t\t\t\t\t<div class=\"elementor-column elementor-col-100 elementor-top-column elementor-element elementor-element-29ac460f\" data-id=\"29ac460f\" data-element_type=\"column\">\n\t\t\t<div class=\"elementor-widget-wrap elementor-element-populated\">\n\t\t\t\t\t\t\t\t<div class=\"elementor-element elementor-element-67cc337b elementor-widget elementor-widget-text-editor\" data-id=\"67cc337b\" data-element_type=\"widget\" data-widget_type=\"text-editor.default\">\n\t\t\t\t<div class=\"elementor-widget-container\">\n\t\t\t<style>\/*! elementor - v3.16.0 - 20-09-2023 *\/\n.elementor-widget-text-editor.elementor-drop-cap-view-stacked .elementor-drop-cap{background-color:#69727d;color:#fff}.elementor-widget-text-editor.elementor-drop-cap-view-framed .elementor-drop-cap{color:#69727d;border:3px solid;background-color:transparent}.elementor-widget-text-editor:not(.elementor-drop-cap-view-default) .elementor-drop-cap{margin-top:8px}.elementor-widget-text-editor:not(.elementor-drop-cap-view-default) .elementor-drop-cap-letter{width:1em;height:1em}.elementor-widget-text-editor .elementor-drop-cap{float:left;text-align:center;line-height:1;font-size:50px}.elementor-widget-text-editor .elementor-drop-cap-letter{display:inline-block}<\/style>\t\t\t\t<p><!-- wp:paragraph --><\/p>\n<h2><strong>\u00bfQuienes son los arquitectos y reformistas de los famosos?<\/strong><\/h2>\n<p>El mundo de las celebridades no solo se define por sus alfombras rojas y sus exitosas carreras, sino tambi\u00e9n por los espectaculares residencias donde viven y se relajan. Las casas de los famosos son una muestra de las \u00faltimas tendencias en dise\u00f1o, arquitectura y lujo, y detr\u00e1s de ellas, hay un selecto grupo de <b>arquitectos famosos<\/b> que hacen posible estos sue\u00f1os residenciales.<\/p>\n<p>Desde mansiones minimalistas con vistas panor\u00e1micas hasta refugios r\u00fasticos con una matriz de alta tecnolog\u00eda, las residencias de las estrellas son el resultado de la perspectiva de estos profesionales. No se trata solo de edificar o remodelar, sino de crear ambientes que reflejen la personalidad, la forma de vida y el estatus de sus c\u00e9lebres propietarios. En este art\u00edculo exploraremos en el fascinante mundo de estos \u00abmagos del espacio\u00bb, descubriendo qui\u00e9nes son, qu\u00e9<a href=\"https:\/\/recomiend.app\/blog\/tendencias-reformas-2025\/\"> <strong>tendencias marcan y c\u00f3mo transforman los hogares <\/strong><\/a>de las figuras m\u00e1s reconocidas.<\/p>\n<h3>Fernando Alonso &amp; Estudio Alvarez-Sala<\/h3>\n<p><img loading=\"lazy\" decoding=\"async\" class=\"alignleft\" src=\"https:\/\/recomiend.app\/blog\/wp-content\/uploads\/2025\/06\/Captura-de-pantalla-2025-06-30-a-las-16.04.18-231x300.png\" alt=\"\" width=\"301\" height=\"391\" \/><\/p>\n<p>\u00bfSab\u00edas que la casa de <strong>Fernando Alonso<\/strong> fue <strong>dise\u00f1ada para sentirse como un circuito de lujo<\/strong>? Descubre qui\u00e9n est\u00e1 detr\u00e1s.<\/p>\n<p>El proyecto fue realizado por el estudio <a href=\"https:\/\/eas.es\/estudio-alvarez-sala\/el-estudio\/\"><strong>\u00c1lvarez-Sala Arquitectos<\/strong><\/a>, conocidos por sus dise\u00f1os de alto nivel y vanguardia. La residencia de Alonso en Oviedo combina arquitectura contempor\u00e1nea con tecnolog\u00eda puntera.<\/p>\n<p>La casa cuenta con l\u00edneas aerodin\u00e1micas, cristaleras amplias y materiales de primera calidad. Todo pensado para reflejar su <strong>pasi\u00f3n por la velocidad y el dis<\/strong><strong>e\u00f1o.<\/strong><\/p>\n<p><img loading=\"lazy\" decoding=\"async\" class=\"alignright\" src=\"https:\/\/recomiend.app\/blog\/wp-content\/uploads\/2025\/06\/easArquitectura.png\" alt=\"\" width=\"234\" height=\"137\" \/><\/p>\n<p>Este estudio tambi\u00e9n ha trabajado en\u00a0espacios exclusivospara ejecutivos, deportistas y empresarios de alto perfil, con un estilo que destaca por su elegancia y precisi\u00f3n.<\/p>\n<p><strong>E.A.S. <\/strong>es una firma de aquitectura establecida en Madrid, bajo la direccion del<strong> reconocido arquitecto madrile\u00f1o <a href=\"https:\/\/eas.es\/estudio-alvarez-sala\/enrique-alvarez-sala\/\">Enrique \u00c1lvarez-Sala Walther<\/a> <\/strong>que cuenta con <strong>m\u00e1s de treinta a\u00f1os de experiencia profesional<\/strong>.\u00a0<\/p>\n<p>\u00a0<\/p>\n<figure style=\"width: 787px\" class=\"wp-caption aligncenter\"><img loading=\"lazy\" decoding=\"async\" src=\"https:\/\/www.ecestaticos.com\/imagestatic\/clipping\/52a\/f23\/52af23d852e125d3b41da56090868c93\/la-casa-de-fernando-alonso-en-gran-canaria.jpg?mtime=1622979842\" alt=\"Casa de Fernando Alonso en Gran Canaria\" width=\"787\" height=\"556\" \/><figcaption class=\"wp-caption-text\">Fuente: Vanitatis &#8211; El Confidencial<\/figcaption><\/figure>\n<h3><a href=\"https:\/\/esteva.eu\/es\/studio\/\">Rafa Nadal &amp; Tomeu Esteva<\/a><\/h3>\n<p>\u00a0<\/p>\n<p><!-- \/wp:paragraph --><\/p>\n<p><!-- wp:image --><\/p>\n<figure><\/figure>\n<p><!-- \/wp:image --><\/p>\n<p><!-- wp:paragraph --><\/p>\n<p><img loading=\"lazy\" decoding=\"async\" class=\"alignleft\" src=\"https:\/\/recomiend.app\/blog\/wp-content\/uploads\/2025\/06\/Captura-de-pantalla-2025-06-30-a-las-16.02.34-237x300.png\" alt=\"\" width=\"320\" height=\"405\" \/><\/p>\n<p>\u00bfTe imaginas vivir en una casa con vistas al mar y dise\u00f1ada para un campe\u00f3n? As\u00ed es el hogar de Rafa Nadal.<\/p>\n<p>El arquitecto mallorqu\u00ed Tomeu Esteva cre\u00f3 esta residencia en Porto Cristo, Mallorca, combinando lujo y funcionalidad.<\/p>\n<p>La casa cuenta con una piscina infinita, terrazas con vistas al mar y espacios conectados por un s\u00f3tano, todo en una finca de 7.000 m\u00b2.<\/p>\n<p>Esteva es conocido por integrar la arquitectura con el entorno natural, creando espacios que reflejan la personalidad de sus propietarios.<\/p>\n<p>Entre raquetas, mar y arquitectura, Nadal demuestra que tambi\u00e9n juega en casa a otro nivel<\/p>\n<p><a href=\"https:\/\/esteva.eu\/es\/studio\/\"><img loading=\"lazy\" decoding=\"async\" class=\"alignright\" src=\"https:\/\/recomiend.app\/blog\/wp-content\/uploads\/2025\/06\/Captura-de-pantalla-2025-06-30-a-las-15.41.20.png\" alt=\"\" width=\"251\" height=\"127\" \/><\/a>Esteva i Esteva es una firma de arquitectura, paisajismo e interiorismo establecida en Palma de Mallorca en el a\u00f1o 2000, fundamentada en el legado y la experiencia del reconocido arquitecto mallorqu\u00ed Antoni Esteva. El estudio, fundado en colaboraci\u00f3n con su hijo Tomeu Esteva, lleva a cabo proyectos en diversos sitios del mundo, manteniendo el esp\u00edritu de exploraci\u00f3n y comprensi\u00f3n de la esencia, la historia y el contexto.<\/p>\n<figure style=\"width: 1024px\" class=\"wp-caption alignnone\"><img loading=\"lazy\" decoding=\"async\" src=\"https:\/\/theobjective.com\/wp-content\/uploads\/2024\/10\/Casa-rafa-nadal-reforma-1024x679.jpg\" alt=\"Casa de Rafa Nadal \" width=\"1024\" height=\"679\" \/><figcaption class=\"wp-caption-text\">Fuente: theobjective<\/figcaption><\/figure>\n<h3><a href=\"https:\/\/www.palaceluxuryliving.com\/about\">Cristiano Ronaldo &amp; Palace Luxury Living<\/a><\/h3>\n<p><!-- \/wp:paragraph --><\/p>\n<p><!-- wp:image {\"width\":841,\"height\":631,\"linkDestination\":\"custom\"} --><\/p>\n<figure><\/figure>\n<p><!-- \/wp:image --><\/p>\n<p><!-- wp:paragraph --><\/p>\n<p><img data-dominant-color=\"84635b\" data-has-transparency=\"false\" style=\"--dominant-color: #84635b;\" loading=\"lazy\" decoding=\"async\" class=\"not-transparent alignleft wp-image-6832 size-medium\" src=\"https:\/\/recomiend.app\/blog\/wp-content\/uploads\/2025\/06\/Captura-de-pantalla-2025-06-30-a-las-17.43.49-300x227.png\" alt=\"Cristiano Ronaldo y Georgina\" width=\"300\" height=\"227\" srcset=\"https:\/\/recomiend.app\/blog\/wp-content\/uploads\/2025\/06\/Captura-de-pantalla-2025-06-30-a-las-17.43.49-300x227.png 300w, https:\/\/recomiend.app\/blog\/wp-content\/uploads\/2025\/06\/Captura-de-pantalla-2025-06-30-a-las-17.43.49.png 608w\" sizes=\"(max-width: 300px) 100vw, 300px\" \/><\/p>\n<p data-renderer-start-pos=\"815\">Cristiano Ronaldo no solo brilla en el campo, tambi\u00e9n en su espectacular casa en Quintana da Marinha \u00bfQuieres saber m\u00e1s?<\/p>\n<p data-renderer-start-pos=\"1066\">La casa destaca por su dise\u00f1o contempor\u00e1neo, amplios espacios y una cuidada integraci\u00f3n con el entorno urbano.<\/p>\n<p><img loading=\"lazy\" decoding=\"async\" class=\"alignright\" src=\"https:\/\/recomiend.app\/blog\/wp-content\/uploads\/2025\/06\/logo-300x191.png\" alt=\"\" width=\"241\" height=\"153\" \/><\/p>\n<p data-renderer-start-pos=\"1180\"><a href=\"https:\/\/www.instagram.com\/palaceluxuryliving\/\">Palace Luxury Living<\/a> ha trabajado en proyectos de alto perfil, siempre buscando la excelencia en cada detalle. El objetivo de Palace Luxury Living es consolidarse como un desarrollador global l\u00edder de propiedades residenciales de alta calidad, con cada proyecto avalado por el arte de la arquitectura y una ejecuci\u00f3n inmejorable. Palace Luxury Living surge del grupo Palace y mantiene su inquebrantable dedicaci\u00f3n a la elegancia y la artesan\u00eda. Enfocados en una vida de lujo a medida, Palace Group es el principal contratista de viviendas de lujo de primera calidad en los Emiratos \u00c1rabes Unidos, con m\u00e1s de 200 villas exclusivas y cuidadosamente dise\u00f1adas.<\/p>\n<p>\u00a0<\/p>\n<figure id=\"attachment_6876\" aria-describedby=\"caption-attachment-6876\" style=\"width: 721px\" class=\"wp-caption aligncenter\"><img data-dominant-color=\"977d67\" data-has-transparency=\"false\" style=\"--dominant-color: #977d67;\" loading=\"lazy\" decoding=\"async\" class=\"not-transparent wp-image-6876 size-full\" src=\"https:\/\/recomiend.app\/blog\/wp-content\/uploads\/2025\/07\/Cristiano-Ronaldo-house-2-jpg.webp\" alt=\"\" width=\"721\" height=\"479\" srcset=\"https:\/\/recomiend.app\/blog\/wp-content\/uploads\/2025\/07\/Cristiano-Ronaldo-house-2-jpg.webp 721w, https:\/\/recomiend.app\/blog\/wp-content\/uploads\/2025\/07\/Cristiano-Ronaldo-house-2-300x199.webp 300w\" sizes=\"(max-width: 721px) 100vw, 721px\" \/><figcaption id=\"caption-attachment-6876\" class=\"wp-caption-text\">Fuente: arquitecturaydise\u00f1o.es<\/figcaption><\/figure>\n<h3><a href=\"https:\/\/www.grupo-archarray.com\/quienes-somos\/\">Maria Pombo &amp; Grupo Acharray<\/a><\/h3>\n<p><!-- \/wp:paragraph --><\/p>\n<p><!-- wp:image {\"width\":1024,\"height\":576,\"linkDestination\":\"custom\"} --><\/p>\n<p><!-- \/wp:image --><\/p>\n<p><!-- wp:paragraph --><\/p>\n<p><img loading=\"lazy\" decoding=\"async\" class=\"alignleft\" src=\"https:\/\/www.marie-claire.es\/wp-content\/uploads\/sites\/2\/2023\/11\/25\/6561db364ccfa.jpeg\" alt=\"Mar\u00eda Pombo: todo lo que necesitas saber sobre la influencer\" width=\"391\" height=\"260\" \/><\/p>\n<p>La reforma de la casa de Mar\u00eda Pombo ha sido realizada principalmente por <strong><a href=\"https:\/\/www.instagram.com\/pablocastellano86\/?hl=es\">Pablo Castellano<\/a>,<\/strong> su marido, a trav\u00e9s de su empresa de arquitectura y reformas, Grupo Archarray. Pablo Castellano, arquitecto de profesi\u00f3n, ha supervisado personalmente todo el proceso de reforma integral, adaptando la vivienda a las necesidades y gustos de la pareja.<\/p>\n<p>\u00a0<\/p>\n<p><img loading=\"lazy\" decoding=\"async\" class=\"alignright\" src=\"https:\/\/www.grupo-archarray.com\/wp-content\/uploads\/2022\/10\/logo2.png\" alt=\"Grupo Archarray \u2013 Rehabilitaciones especiales, reformas y decoraci\u00f3n interior, restauraciones delicadas de edificios protegidos y reformas del hogar.\" width=\"181\" height=\"39\" \/>Ejecutan proyectos completos en los que facilitan la labor al cliente. Orientando en cada elecci\u00f3n y brindando a sus clientes seguridad en todo instante. Desde su base en Madrid, cuentan con m\u00e1s de 15 a\u00f1os de experiencia llevando a cabo proyectos en toda Espa\u00f1a. Se ocupan de todo lo que necesita para su serenidad. Desde el surgimiento del concepto de interiorismo, hasta los permisos y licencias, elecci\u00f3n de materiales de vanguardia o producci\u00f3n de mobiliario personalizado.<\/p>\n<p><img data-dominant-color=\"8d776b\" data-has-transparency=\"false\" style=\"--dominant-color: #8d776b;\" loading=\"lazy\" decoding=\"async\" class=\"not-transparent aligncenter wp-image-6880 size-full\" src=\"https:\/\/recomiend.app\/blog\/wp-content\/uploads\/2025\/07\/casa-de-Mari\u0301a-Pombo-jpg.webp\" alt=\"\" width=\"721\" height=\"534\" srcset=\"https:\/\/recomiend.app\/blog\/wp-content\/uploads\/2025\/07\/casa-de-Mari\u0301a-Pombo-jpg.webp 721w, https:\/\/recomiend.app\/blog\/wp-content\/uploads\/2025\/07\/casa-de-Mari\u0301a-Pombo-300x222.webp 300w\" sizes=\"(max-width: 721px) 100vw, 721px\" \/><\/p>\n<h3>Alejandro Sanz &amp; A-cero<\/h3>\n<p><img data-dominant-color=\"8d8681\" data-has-transparency=\"false\" style=\"--dominant-color: #8d8681;\" loading=\"lazy\" decoding=\"async\" class=\"not-transparent wp-image-6856 alignleft\" src=\"https:\/\/recomiend.app\/blog\/wp-content\/uploads\/2025\/07\/Hemos-girado-por-todo-el-mundo-para-volvernos-a-encontrar.-Ganas-de-sa\u0301bado-SANZenVivo-nu\u0301mero-99-\ud83d\ude4c-BARCELONA-mi\u0301rame-a-los-ojos-que-me-tienes-del-reve\u0301s-\ud83e\udd77NuestroU\u0301ltimoMomento-300x300.webp\" alt=\"\" width=\"250\" height=\"250\" srcset=\"https:\/\/recomiend.app\/blog\/wp-content\/uploads\/2025\/07\/Hemos-girado-por-todo-el-mundo-para-volvernos-a-encontrar.-Ganas-de-sa\u0301bado-SANZenVivo-nu\u0301mero-99-\ud83d\ude4c-BARCELONA-mi\u0301rame-a-los-ojos-que-me-tienes-del-reve\u0301s-\ud83e\udd77NuestroU\u0301ltimoMomento-300x300.webp 300w, https:\/\/recomiend.app\/blog\/wp-content\/uploads\/2025\/07\/Hemos-girado-por-todo-el-mundo-para-volvernos-a-encontrar.-Ganas-de-sa\u0301bado-SANZenVivo-nu\u0301mero-99-\ud83d\ude4c-BARCELONA-mi\u0301rame-a-los-ojos-que-me-tienes-del-reve\u0301s-\ud83e\udd77NuestroU\u0301ltimoMomento-1024x1024.webp 1024w, https:\/\/recomiend.app\/blog\/wp-content\/uploads\/2025\/07\/Hemos-girado-por-todo-el-mundo-para-volvernos-a-encontrar.-Ganas-de-sa\u0301bado-SANZenVivo-nu\u0301mero-99-\ud83d\ude4c-BARCELONA-mi\u0301rame-a-los-ojos-que-me-tienes-del-reve\u0301s-\ud83e\udd77NuestroU\u0301ltimoMomento-150x150.webp 150w, https:\/\/recomiend.app\/blog\/wp-content\/uploads\/2025\/07\/Hemos-girado-por-todo-el-mundo-para-volvernos-a-encontrar.-Ganas-de-sa\u0301bado-SANZenVivo-nu\u0301mero-99-\ud83d\ude4c-BARCELONA-mi\u0301rame-a-los-ojos-que-me-tienes-del-reve\u0301s-\ud83e\udd77NuestroU\u0301ltimoMomento-768x768.webp 768w, https:\/\/recomiend.app\/blog\/wp-content\/uploads\/2025\/07\/Hemos-girado-por-todo-el-mundo-para-volvernos-a-encontrar.-Ganas-de-sa\u0301bado-SANZenVivo-nu\u0301mero-99-\ud83d\ude4c-BARCELONA-mi\u0301rame-a-los-ojos-que-me-tienes-del-reve\u0301s-\ud83e\udd77NuestroU\u0301ltimoMomento-jpg.webp 1080w\" sizes=\"(max-width: 250px) 100vw, 250px\" \/><\/p>\n<p><strong>La casa de\u00a0Alejandro Sanz <\/strong>en La Finca (Pozuelo de Alarc\u00f3n, Madrid)\u00a0<strong>fue\u00a0dise\u00f1ada<\/strong> y reformada <strong>por el <a href=\"https:\/\/www.instagram.com\/acerojoaquintorres\/?hl=es\">arquitecto barcelon\u00e9s Joaqu\u00edn Torres<\/a><\/strong>, a trav\u00e9s de su estudio A-cero. Joaquin Torres es un\u00a0arquitecto famoso conocido por crear viviendas de lujo para celebridades y empresarios en esta exclusiva urbanizaci\u00f3n.<\/p>\n<p>\u00a0<\/p>\n<p><img loading=\"lazy\" decoding=\"async\" class=\"alignright\" src=\"https:\/\/a-cero.com\/wp-content\/uploads\/2023\/03\/logo-a-cero.png\" alt=\"A-Cero | Estudio de Arquitectura en Madrid\" width=\"190\" height=\"59\" \/><\/p>\n<p><strong>A-cero es un estudio fundado<\/strong> en 1996 por Joaquin Torres Arquitectos &amp; Rafael Llamazares <strong>co<\/strong><strong>n el objetivo de dar forma a su vi<\/strong><strong>si\u00f3n de la arquitectura<\/strong>. Viviendas diferentes, con alma, <strong>donde formas y materiales se mimetizan con el entorno creando espacios \u00fanicos y pe<\/strong><strong>rsonales.<\/strong><\/p>\n<figure id=\"attachment_6854\" aria-describedby=\"caption-attachment-6854\" style=\"width: 721px\" class=\"wp-caption aligncenter\"><img data-dominant-color=\"62808a\" data-has-transparency=\"false\" style=\"--dominant-color: #62808a;\" loading=\"lazy\" decoding=\"async\" class=\"not-transparent wp-image-6854\" src=\"https:\/\/recomiend.app\/blog\/wp-content\/uploads\/2025\/07\/Casa-de-Alenjandro-Sanz.png\" alt=\"Casa de Alejandro Sanz\" width=\"721\" height=\"514\" srcset=\"https:\/\/recomiend.app\/blog\/wp-content\/uploads\/2025\/07\/Casa-de-Alenjandro-Sanz.png 600w, https:\/\/recomiend.app\/blog\/wp-content\/uploads\/2025\/07\/Casa-de-Alenjandro-Sanz-300x214.png 300w\" sizes=\"(max-width: 721px) 100vw, 721px\" \/><figcaption id=\"caption-attachment-6854\" class=\"wp-caption-text\">Fuente: semana.es<\/figcaption><\/figure>\n<h3>Los Javis &amp; Benjamin Iborra y Raul Hinarejos<\/h3>\n<p><img data-dominant-color=\"48484e\" data-has-transparency=\"false\" style=\"--dominant-color: #48484e;\" loading=\"lazy\" decoding=\"async\" class=\"not-transparent aligncenter wp-image-6834\" src=\"https:\/\/recomiend.app\/blog\/wp-content\/uploads\/2025\/06\/Captura-de-pantalla-2025-06-30-a-las-18.34.24-300x293.png\" alt=\"\" width=\"291\" height=\"285\" srcset=\"https:\/\/recomiend.app\/blog\/wp-content\/uploads\/2025\/06\/Captura-de-pantalla-2025-06-30-a-las-18.34.24-300x293.png 300w, https:\/\/recomiend.app\/blog\/wp-content\/uploads\/2025\/06\/Captura-de-pantalla-2025-06-30-a-las-18.34.24.png 583w\" sizes=\"(max-width: 291px) 100vw, 291px\" \/>\u00a0<\/p>\n<p>Se trata de una vivienda unifamiliar concebida por el arquitecto barcelon\u00e9s Benjamin Iborra y el Valenciano Ra\u00fal Hinarejos. Este t\u00e1ndem creativo ha hecho realidad el sue\u00f1o de Los Javis en apenas tres a\u00f1os: un tangram de patios y muros de hormig\u00f3n donde los pilares y las vigas brillan por su ausencia.<\/p>\n<figure id=\"attachment_6884\" aria-describedby=\"caption-attachment-6884\" style=\"width: 721px\" class=\"wp-caption aligncenter\"><img data-dominant-color=\"a7855d\" data-has-transparency=\"false\" style=\"--dominant-color: #a7855d;\" loading=\"lazy\" decoding=\"async\" class=\"not-transparent wp-image-6884 size-full\" src=\"https:\/\/recomiend.app\/blog\/wp-content\/uploads\/2025\/07\/Los-javis-1-jpg.webp\" alt=\"\" width=\"721\" height=\"489\" srcset=\"https:\/\/recomiend.app\/blog\/wp-content\/uploads\/2025\/07\/Los-javis-1-jpg.webp 721w, https:\/\/recomiend.app\/blog\/wp-content\/uploads\/2025\/07\/Los-javis-1-300x203.webp 300w\" sizes=\"(max-width: 721px) 100vw, 721px\" \/><figcaption id=\"caption-attachment-6884\" class=\"wp-caption-text\">Fuente: Ubiko<\/figcaption><\/figure>\n<p><!-- \/wp:paragraph --><\/p>\n<p><!-- wp:image {\"id\":1824,\"width\":510,\"sizeSlug\":\"full\",\"linkDestination\":\"none\"} --><\/p>\n<figure><\/figure>\n<p><!-- \/wp:image --><\/p>\n<p><!-- wp:paragraph --><\/p>\n<p><!-- \/wp:paragraph --><\/p>\t\t\t\t\t\t<\/div>\n\t\t\t\t<\/div>\n\t\t\t\t<div class=\"elementor-element elementor-element-ceb23d7 elementor-widget elementor-widget-text-editor\" data-id=\"ceb23d7\" data-element_type=\"widget\" data-widget_type=\"text-editor.default\">\n\t\t\t\t<div class=\"elementor-widget-container\">\n\t\t\t\t\t\t\t<p>Te dejamos por si est\u00e1s interesado en realizar una reforma en los pr\u00f3ximos meses, una lista de los&nbsp;<a href=\"https:\/\/recomiend.app\/mejores-reformas-espana\" target=\"_blank\">mejores reformistas de nuestro pa\u00eds<\/a>.<\/p>\t\t\t\t\t\t<\/div>\n\t\t\t\t<\/div>\n\t\t\t\t\t<\/div>\n\t\t<\/div>\n\t\t\t\t\t\t\t<\/div>\n\t\t<\/section>\n\t\t\t\t<section class=\"elementor-section elementor-top-section elementor-element elementor-element-f81dd05 elementor-section-boxed elementor-section-height-default elementor-section-height-default\" data-id=\"f81dd05\" data-element_type=\"section\">\n\t\t\t\t\t\t<div class=\"elementor-container elementor-column-gap-default\">\n\t\t\t\t\t<div class=\"elementor-column elementor-col-100 elementor-top-column elementor-element elementor-element-e5d6f51\" data-id=\"e5d6f51\" data-element_type=\"column\">\n\t\t\t<div class=\"elementor-widget-wrap\">\n\t\t\t\t\t\t\t\t\t<\/div>\n\t\t<\/div>\n\t\t\t\t\t\t\t<\/div>\n\t\t<\/section>\n\t\t\t\t\t\t\t<\/div>\n\t\t","protected":false},"excerpt":{"rendered":"<p>\u00bfQuienes son los arquitectos y reformistas de los famosos? El mundo de las celebridades no solo se define por sus alfombras rojas y sus exitosas carreras, sino tambi\u00e9n por los espectaculares residencias donde viven y se relajan. Las casas de los famosos son una muestra de las \u00faltimas tendencias en dise\u00f1o, arquitectura y lujo, y [&hellip;]<\/p>\n","protected":false},"author":31,"featured_media":7084,"comment_status":"open","ping_status":"open","sticky":false,"template":"elementor_theme","format":"standard","meta":{"inline_featured_image":false,"footnotes":""},"categories":[500,504],"tags":[123,471,480],"acf":[],"yoast_head":"<!-- This site is optimized with the Yoast SEO plugin v21.0 - https:\/\/yoast.com\/wordpress\/plugins\/seo\/ -->\n<title>Arquitectos y reformistas de los famosos | Casas de lujo 2025<\/title>\n<meta name=\"description\" content=\"Descubre los arquitectos y reformistas de los famosos: estilo, proyectos y secretos de dise\u00f1o exclusivos para inspirarte.\" \/>\n<meta name=\"robots\" content=\"index, follow, max-snippet:-1, max-image-preview:large, max-video-preview:-1\" \/>\n<link rel=\"canonical\" href=\"https:\/\/recomiend.app\/blog\/arquitectos-reformas-famosos\/\" \/>\n<meta property=\"og:locale\" content=\"es_ES\" \/>\n<meta property=\"og:type\" content=\"article\" \/>\n<meta property=\"og:title\" content=\"Arquitectos y reformistas de los famosos\" \/>\n<meta property=\"og:description\" content=\"Estos son los reformistas y arquitectos que realizan las modificaciones en las viviendas de los famosos como Cristiano Ronaldo\" \/>\n<meta property=\"og:url\" content=\"https:\/\/recomiend.app\/blog\/arquitectos-reformas-famosos\/\" \/>\n<meta property=\"og:site_name\" content=\"Recomiend.app | Profesionales de confianza\" \/>\n<meta property=\"article:publisher\" content=\"https:\/\/www.facebook.com\/Recomiendapp\" \/>\n<meta property=\"article:published_time\" content=\"2025-07-01T16:44:41+00:00\" \/>\n<meta property=\"article:modified_time\" content=\"2025-09-24T11:40:46+00:00\" \/>\n<meta property=\"og:image\" content=\"https:\/\/recomiend.app\/blog\/wp-content\/uploads\/2025\/07\/Los-reformistas-de-los-famosos.webp\" \/>\n\t<meta property=\"og:image:width\" content=\"600\" \/>\n\t<meta property=\"og:image:height\" content=\"600\" \/>\n\t<meta property=\"og:image:type\" content=\"image\/webp\" \/>\n<meta name=\"author\" content=\"Antonio Manuel Cerro Balsera\" \/>\n<meta name=\"twitter:card\" content=\"summary_large_image\" \/>\n<meta name=\"twitter:title\" content=\"Arquitectos y reformistas de los famosos\" \/>\n<meta name=\"twitter:description\" content=\"Estos son los reformistas y arquitectos que realizan las modificaciones en las viviendas de los famosos como Cristiano Ronaldo\" \/>\n<meta name=\"twitter:image\" content=\"https:\/\/recomiend.app\/blog\/wp-content\/uploads\/2025\/07\/Los-reformistas-de-los-famosos.webp\" \/>\n<meta name=\"twitter:creator\" content=\"@recomiendapp\" \/>\n<meta name=\"twitter:site\" content=\"@recomiendapp\" \/>\n<meta name=\"twitter:label1\" content=\"Escrito por\" \/>\n\t<meta name=\"twitter:data1\" content=\"Antonio Manuel Cerro Balsera\" \/>\n\t<meta name=\"twitter:label2\" content=\"Tiempo de lectura\" \/>\n\t<meta name=\"twitter:data2\" content=\"8 minutos\" \/>\n<script type=\"application\/ld+json\" class=\"yoast-schema-graph\">{\"@context\":\"https:\/\/schema.org\",\"@graph\":[{\"@type\":\"Article\",\"@id\":\"https:\/\/recomiend.app\/blog\/arquitectos-reformas-famosos\/#article\",\"isPartOf\":{\"@id\":\"https:\/\/recomiend.app\/blog\/arquitectos-reformas-famosos\/\"},\"author\":{\"name\":\"Antonio Manuel Cerro Balsera\",\"@id\":\"https:\/\/recomiend.app\/blog\/#\/schema\/person\/5b23a2d9f3a99ddafed6785331e09398\"},\"headline\":\"Arquitectos y reformistas de los famosos\",\"datePublished\":\"2025-07-01T16:44:41+00:00\",\"dateModified\":\"2025-09-24T11:40:46+00:00\",\"mainEntityOfPage\":{\"@id\":\"https:\/\/recomiend.app\/blog\/arquitectos-reformas-famosos\/\"},\"wordCount\":1048,\"commentCount\":1,\"publisher\":{\"@id\":\"https:\/\/recomiend.app\/blog\/#organization\"},\"keywords\":[\"Aut\u00f3nomos\",\"famosos\",\"nacional\"],\"articleSection\":[\"Reformas\",\"Tendencias\"],\"inLanguage\":\"es\",\"potentialAction\":[{\"@type\":\"CommentAction\",\"name\":\"Comment\",\"target\":[\"https:\/\/recomiend.app\/blog\/arquitectos-reformas-famosos\/#respond\"]}]},{\"@type\":\"WebPage\",\"@id\":\"https:\/\/recomiend.app\/blog\/arquitectos-reformas-famosos\/\",\"url\":\"https:\/\/recomiend.app\/blog\/arquitectos-reformas-famosos\/\",\"name\":\"Arquitectos y reformistas de los famosos | Casas de lujo 2025\",\"isPartOf\":{\"@id\":\"https:\/\/recomiend.app\/blog\/#website\"},\"datePublished\":\"2025-07-01T16:44:41+00:00\",\"dateModified\":\"2025-09-24T11:40:46+00:00\",\"description\":\"Descubre los arquitectos y reformistas de los famosos: estilo, proyectos y secretos de dise\u00f1o exclusivos para inspirarte.\",\"breadcrumb\":{\"@id\":\"https:\/\/recomiend.app\/blog\/arquitectos-reformas-famosos\/#breadcrumb\"},\"inLanguage\":\"es\",\"potentialAction\":[{\"@type\":\"ReadAction\",\"target\":[\"https:\/\/recomiend.app\/blog\/arquitectos-reformas-famosos\/\"]}]},{\"@type\":\"BreadcrumbList\",\"@id\":\"https:\/\/recomiend.app\/blog\/arquitectos-reformas-famosos\/#breadcrumb\",\"itemListElement\":[{\"@type\":\"ListItem\",\"position\":1,\"name\":\"Portada\",\"item\":\"https:\/\/recomiend.app\/blog\/\"},{\"@type\":\"ListItem\",\"position\":2,\"name\":\"Arquitectos y reformistas de los famosos\"}]},{\"@type\":\"WebSite\",\"@id\":\"https:\/\/recomiend.app\/blog\/#website\",\"url\":\"https:\/\/recomiend.app\/blog\/\",\"name\":\"Mejor que un Directorio de Profesionales - Recomiend.app\",\"description\":\"Encuentra en Recomiend.app los mejores profesionales recomendados por tus amigos o gente de tu entorno. Abogado, fisioterapeuta, alba\u00f1il, limpiador, mecanico, pintor.\",\"publisher\":{\"@id\":\"https:\/\/recomiend.app\/blog\/#organization\"},\"potentialAction\":[{\"@type\":\"SearchAction\",\"target\":{\"@type\":\"EntryPoint\",\"urlTemplate\":\"https:\/\/recomiend.app\/blog\/?s={search_term_string}\"},\"query-input\":\"required name=search_term_string\"}],\"inLanguage\":\"es\"},{\"@type\":\"Organization\",\"@id\":\"https:\/\/recomiend.app\/blog\/#organization\",\"name\":\"Recomiend.app\",\"url\":\"https:\/\/recomiend.app\/blog\/\",\"logo\":{\"@type\":\"ImageObject\",\"inLanguage\":\"es\",\"@id\":\"https:\/\/recomiend.app\/blog\/#\/schema\/logo\/image\/\",\"url\":\"https:\/\/recomiend.appwp-content\/uploads\/2023\/01\/LogoRecomiendapp_v2_vertical-blanco-e1673277774782.png\",\"contentUrl\":\"https:\/\/recomiend.appwp-content\/uploads\/2023\/01\/LogoRecomiendapp_v2_vertical-blanco-e1673277774782.png\",\"width\":700,\"height\":127,\"caption\":\"Recomiend.app\"},\"image\":{\"@id\":\"https:\/\/recomiend.app\/blog\/#\/schema\/logo\/image\/\"},\"sameAs\":[\"https:\/\/www.facebook.com\/Recomiendapp\",\"https:\/\/twitter.com\/recomiendapp\",\"https:\/\/www.instagram.com\/recomiend.app\/\",\"https:\/\/www.linkedin.com\/company\/recomiend-app\/\",\"https:\/\/www.youtube.com\/channel\/UCLu1iJqKar73UPOO8-5m7sw\"]},{\"@type\":\"Person\",\"@id\":\"https:\/\/recomiend.app\/blog\/#\/schema\/person\/5b23a2d9f3a99ddafed6785331e09398\",\"name\":\"Antonio Manuel Cerro Balsera\",\"url\":\"https:\/\/recomiend.app\/blog\/author\/antoniomanuel\/\"}]}<\/script>\n<!-- \/ Yoast SEO plugin. -->","yoast_head_json":{"title":"Arquitectos y reformistas de los famosos | Casas de lujo 2025","description":"Descubre los arquitectos y reformistas de los famosos: estilo, proyectos y secretos de dise\u00f1o exclusivos para inspirarte.","robots":{"index":"index","follow":"follow","max-snippet":"max-snippet:-1","max-image-preview":"max-image-preview:large","max-video-preview":"max-video-preview:-1"},"canonical":"https:\/\/recomiend.app\/blog\/arquitectos-reformas-famosos\/","og_locale":"es_ES","og_type":"article","og_title":"Arquitectos y reformistas de los famosos","og_description":"Estos son los reformistas y arquitectos que realizan las modificaciones en las viviendas de los famosos como Cristiano Ronaldo","og_url":"https:\/\/recomiend.app\/blog\/arquitectos-reformas-famosos\/","og_site_name":"Recomiend.app | Profesionales de confianza","article_publisher":"https:\/\/www.facebook.com\/Recomiendapp","article_published_time":"2025-07-01T16:44:41+00:00","article_modified_time":"2025-09-24T11:40:46+00:00","og_image":[{"width":600,"height":600,"url":"https:\/\/recomiend.app\/blog\/wp-content\/uploads\/2025\/07\/Los-reformistas-de-los-famosos.webp","type":"image\/webp"}],"author":"Antonio Manuel Cerro Balsera","twitter_card":"summary_large_image","twitter_title":"Arquitectos y reformistas de los famosos","twitter_description":"Estos son los reformistas y arquitectos que realizan las modificaciones en las viviendas de los famosos como Cristiano Ronaldo","twitter_image":"https:\/\/recomiend.app\/blog\/wp-content\/uploads\/2025\/07\/Los-reformistas-de-los-famosos.webp","twitter_creator":"@recomiendapp","twitter_site":"@recomiendapp","twitter_misc":{"Escrito por":"Antonio Manuel Cerro Balsera","Tiempo de lectura":"8 minutos"},"schema":{"@context":"https:\/\/schema.org","@graph":[{"@type":"Article","@id":"https:\/\/recomiend.app\/blog\/arquitectos-reformas-famosos\/#article","isPartOf":{"@id":"https:\/\/recomiend.app\/blog\/arquitectos-reformas-famosos\/"},"author":{"name":"Antonio Manuel Cerro Balsera","@id":"https:\/\/recomiend.app\/blog\/#\/schema\/person\/5b23a2d9f3a99ddafed6785331e09398"},"headline":"Arquitectos y reformistas de los famosos","datePublished":"2025-07-01T16:44:41+00:00","dateModified":"2025-09-24T11:40:46+00:00","mainEntityOfPage":{"@id":"https:\/\/recomiend.app\/blog\/arquitectos-reformas-famosos\/"},"wordCount":1048,"commentCount":1,"publisher":{"@id":"https:\/\/recomiend.app\/blog\/#organization"},"keywords":["Aut\u00f3nomos","famosos","nacional"],"articleSection":["Reformas","Tendencias"],"inLanguage":"es","potentialAction":[{"@type":"CommentAction","name":"Comment","target":["https:\/\/recomiend.app\/blog\/arquitectos-reformas-famosos\/#respond"]}]},{"@type":"WebPage","@id":"https:\/\/recomiend.app\/blog\/arquitectos-reformas-famosos\/","url":"https:\/\/recomiend.app\/blog\/arquitectos-reformas-famosos\/","name":"Arquitectos y reformistas de los famosos | Casas de lujo 2025","isPartOf":{"@id":"https:\/\/recomiend.app\/blog\/#website"},"datePublished":"2025-07-01T16:44:41+00:00","dateModified":"2025-09-24T11:40:46+00:00","description":"Descubre los arquitectos y reformistas de los famosos: estilo, proyectos y secretos de dise\u00f1o exclusivos para inspirarte.","breadcrumb":{"@id":"https:\/\/recomiend.app\/blog\/arquitectos-reformas-famosos\/#breadcrumb"},"inLanguage":"es","potentialAction":[{"@type":"ReadAction","target":["https:\/\/recomiend.app\/blog\/arquitectos-reformas-famosos\/"]}]},{"@type":"BreadcrumbList","@id":"https:\/\/recomiend.app\/blog\/arquitectos-reformas-famosos\/#breadcrumb","itemListElement":[{"@type":"ListItem","position":1,"name":"Portada","item":"https:\/\/recomiend.app\/blog\/"},{"@type":"ListItem","position":2,"name":"Arquitectos y reformistas de los famosos"}]},{"@type":"WebSite","@id":"https:\/\/recomiend.app\/blog\/#website","url":"https:\/\/recomiend.app\/blog\/","name":"Mejor que un Directorio de Profesionales - Recomiend.app","description":"Encuentra en Recomiend.app los mejores profesionales recomendados por tus amigos o gente de tu entorno. Abogado, fisioterapeuta, alba\u00f1il, limpiador, mecanico, pintor.","publisher":{"@id":"https:\/\/recomiend.app\/blog\/#organization"},"potentialAction":[{"@type":"SearchAction","target":{"@type":"EntryPoint","urlTemplate":"https:\/\/recomiend.app\/blog\/?s={search_term_string}"},"query-input":"required name=search_term_string"}],"inLanguage":"es"},{"@type":"Organization","@id":"https:\/\/recomiend.app\/blog\/#organization","name":"Recomiend.app","url":"https:\/\/recomiend.app\/blog\/","logo":{"@type":"ImageObject","inLanguage":"es","@id":"https:\/\/recomiend.app\/blog\/#\/schema\/logo\/image\/","url":"https:\/\/recomiend.appwp-content\/uploads\/2023\/01\/LogoRecomiendapp_v2_vertical-blanco-e1673277774782.png","contentUrl":"https:\/\/recomiend.appwp-content\/uploads\/2023\/01\/LogoRecomiendapp_v2_vertical-blanco-e1673277774782.png","width":700,"height":127,"caption":"Recomiend.app"},"image":{"@id":"https:\/\/recomiend.app\/blog\/#\/schema\/logo\/image\/"},"sameAs":["https:\/\/www.facebook.com\/Recomiendapp","https:\/\/twitter.com\/recomiendapp","https:\/\/www.instagram.com\/recomiend.app\/","https:\/\/www.linkedin.com\/company\/recomiend-app\/","https:\/\/www.youtube.com\/channel\/UCLu1iJqKar73UPOO8-5m7sw"]},{"@type":"Person","@id":"https:\/\/recomiend.app\/blog\/#\/schema\/person\/5b23a2d9f3a99ddafed6785331e09398","name":"Antonio Manuel Cerro Balsera","url":"https:\/\/recomiend.app\/blog\/author\/antoniomanuel\/"}]}},"_links":{"self":[{"href":"https:\/\/recomiend.app\/blog\/wp-json\/wp\/v2\/posts\/6807"}],"collection":[{"href":"https:\/\/recomiend.app\/blog\/wp-json\/wp\/v2\/posts"}],"about":[{"href":"https:\/\/recomiend.app\/blog\/wp-json\/wp\/v2\/types\/post"}],"author":[{"embeddable":true,"href":"https:\/\/recomiend.app\/blog\/wp-json\/wp\/v2\/users\/31"}],"replies":[{"embeddable":true,"href":"https:\/\/recomiend.app\/blog\/wp-json\/wp\/v2\/comments?post=6807"}],"version-history":[{"count":114,"href":"https:\/\/recomiend.app\/blog\/wp-json\/wp\/v2\/posts\/6807\/revisions"}],"predecessor-version":[{"id":7996,"href":"https:\/\/recomiend.app\/blog\/wp-json\/wp\/v2\/posts\/6807\/revisions\/7996"}],"wp:featuredmedia":[{"embeddable":true,"href":"https:\/\/recomiend.app\/blog\/wp-json\/wp\/v2\/media\/7084"}],"wp:attachment":[{"href":"https:\/\/recomiend.app\/blog\/wp-json\/wp\/v2\/media?parent=6807"}],"wp:term":[{"taxonomy":"category","embeddable":true,"href":"https:\/\/recomiend.app\/blog\/wp-json\/wp\/v2\/categories?post=6807"},{"taxonomy":"post_tag","embeddable":true,"href":"https:\/\/recomiend.app\/blog\/wp-json\/wp\/v2\/tags?post=6807"}],"curies":[{"name":"wp","href":"https:\/\/api.w.org\/{rel}","templated":true}]}}