{"id":1801,"date":"2023-01-30T11:50:07","date_gmt":"2023-01-30T10:50:07","guid":{"rendered":"https:\/\/blog.recomiend.app\/?p=1801"},"modified":"2025-07-03T12:44:01","modified_gmt":"2025-07-03T11:44:01","slug":"peluqueros-estilistas-famosos","status":"publish","type":"post","link":"https:\/\/recomiend.app\/blog\/peluqueros-estilistas-famosos\/","title":{"rendered":"Los peluqueros y estilistas de los famosos"},"content":{"rendered":"\t\t<div data-elementor-type=\"wp-post\" data-elementor-id=\"1801\" class=\"elementor elementor-1801\" data-elementor-post-type=\"post\">\n\t\t\t\t\t\t\t\t\t<section class=\"elementor-section elementor-top-section elementor-element elementor-element-1b76755d elementor-section-boxed elementor-section-height-default elementor-section-height-default\" data-id=\"1b76755d\" data-element_type=\"section\">\n\t\t\t\t\t\t<div class=\"elementor-container elementor-column-gap-default\">\n\t\t\t\t\t<div class=\"elementor-column elementor-col-100 elementor-top-column elementor-element elementor-element-a8acfc6\" data-id=\"a8acfc6\" data-element_type=\"column\">\n\t\t\t<div class=\"elementor-widget-wrap elementor-element-populated\">\n\t\t\t\t\t\t\t\t<div class=\"elementor-element elementor-element-25c8faec elementor-widget elementor-widget-text-editor\" data-id=\"25c8faec\" data-element_type=\"widget\" data-widget_type=\"text-editor.default\">\n\t\t\t\t<div class=\"elementor-widget-container\">\n\t\t\t<style>\/*! elementor - v3.16.0 - 20-09-2023 *\/\n.elementor-widget-text-editor.elementor-drop-cap-view-stacked .elementor-drop-cap{background-color:#69727d;color:#fff}.elementor-widget-text-editor.elementor-drop-cap-view-framed .elementor-drop-cap{color:#69727d;border:3px solid;background-color:transparent}.elementor-widget-text-editor:not(.elementor-drop-cap-view-default) .elementor-drop-cap{margin-top:8px}.elementor-widget-text-editor:not(.elementor-drop-cap-view-default) .elementor-drop-cap-letter{width:1em;height:1em}.elementor-widget-text-editor .elementor-drop-cap{float:left;text-align:center;line-height:1;font-size:50px}.elementor-widget-text-editor .elementor-drop-cap-letter{display:inline-block}<\/style>\t\t\t\t<!-- wp:paragraph -->\n<p>\u00bfSab\u00edas que <strong>Shakira <\/strong>y <strong>Elsa Pataky<\/strong> comparten peluquero o que famosas como <strong>Mar\u00eda Pombo<\/strong> y <strong>Carmen Lomana<\/strong> acuden al mismo sal\u00f3n de belleza? <\/p>\n<!-- \/wp:paragraph -->\n\n<!-- wp:paragraph -->\n<p>Los <strong>famosos <\/strong>siempre han sido conocidos por tener un estilo de vida \u00fanico y lujoso, y su cuidado personal no es la excepci\u00f3n. Muchas <strong>celebridades<\/strong> conf\u00edan en los mejores salones de belleza y peluquer\u00edas para lucir espectaculares en las alfombras rojas y en las portadas de las revistas. En este art\u00edculo, exploraremos los <strong>peluqueros<\/strong>, <strong>barberos <\/strong>y <a href=\"https:\/\/recomiend.appcategory\/estetica\/\">estilistas<\/a> a los que las celebridades acuden. Adem\u00e1s, tambi\u00e9n haremos un recorrido por los servicios especializados que ofrecen estos <strong>salones de belleza de lujo<\/strong> y los secretos detr\u00e1s de los <strong>peinados <\/strong>y <strong>cortes de pelo<\/strong> m\u00e1s ic\u00f3nicos de las celebridades. \u00a1Te invitamos a descubrir los secretos de belleza de las <strong>celebridades<\/strong> y a inspirarte para tu pr\u00f3ximo look!<\/p>\n<!-- \/wp:paragraph -->\n\n<!-- wp:image {\"width\":651,\"height\":434} -->\n<figure class=\"wp-block-image is-resized\"><img loading=\"lazy\" decoding=\"async\" src=\"https:\/\/recomiend.app\/blog\/wp-content\/uploads\/2023\/01\/pexels-engin-akyurt-3356170-1024x683.webp\" alt=\"\" width=\"651\" height=\"434\"\/><\/figure>\n<!-- \/wp:image -->\n\n<!-- wp:paragraph -->\n<p><strong>La peluquera <a href=\"https:\/\/www.instagram.com\/beatrizmatallana\/?hl=es\">Beatriz Matallana<\/a> es una prestigiosa estilista espa\u00f1ola<\/strong> conocida por su trabajo con algunas de las <strong>celebridades <\/strong>m\u00e1s importantes del mundo del entretenimiento. Entre sus clientes se encuentran <strong>Shakira<\/strong> (cuyo peinado en la famosa <a href=\"https:\/\/www.youtube.com\/watch?v=CocEMWdc7Ck\">SHAKIRA || BZRP Music Sessions #53<\/a> fue realizado por esta), <strong>Amaia Salamanca<\/strong>, <strong>Paz Vega<\/strong>, <strong>Elena Anaya<\/strong> y <strong>Elsa Pataky<\/strong>. Con m\u00e1s de 15 a\u00f1os de experiencia en el campo, Beatriz ha desarrollado una gran habilidad para entender las necesidades individuales de cada uno de sus clientes y crear un look personalizado que les hace lucir espectaculares. Adem\u00e1s, Beatriz se ha especializado en <strong>t\u00e9cnicas de peinado<\/strong> y <strong>corte de pelo<\/strong>, lo que le permite adaptar a cualquier estilo y tendencia. Su trabajo ha sido ampliamente reconocido en el <strong>mundo de la belleza<\/strong> y es considerada como una de las <strong>mejores peluqueras de Espa\u00f1a<\/strong>.<\/p>\n<!-- \/wp:paragraph -->\n\n<!-- wp:image {\"width\":840,\"height\":472,\"linkDestination\":\"custom\"} -->\n<figure class=\"wp-block-image is-resized\"><a href=\"https:\/\/www.youtube.com\/watch?v=CocEMWdc7Ck\" target=\"_blank\" rel=\"noreferrer noopener\"><img loading=\"lazy\" decoding=\"async\" src=\"https:\/\/recomiend.app\/blog\/wp-content\/uploads\/2023\/01\/maxresdefault-1024x576.webp\" alt=\"\" width=\"840\" height=\"472\"\/><\/a><\/figure>\n<!-- \/wp:image -->\n\n<!-- wp:paragraph -->\n<p>En este art\u00edculo sobre los peluqueros de los famosos, no pod\u00edamos obviar al <strong>barbero de la selecci\u00f3n espa\u00f1ola de futbol<\/strong>, <a href=\"https:\/\/www.barberia.es\/BarberoNew\/home\/index.jsp\"><strong>Vicen\u00e7 Moret\u00f3<\/strong>.<\/a> Este barbero del <strong>barrio de Raval de Barcelona<\/strong> con su lema &#8216;Cada d\u00eda cuenta&#8217; consigui\u00f3 uno de sus mayores sue\u00f1os como es ser el peluquero de la selecci\u00f3n espa\u00f1ola el mundial de f\u00fatbol pasado de <strong>Qatar<\/strong>. Entre sus logros como peluquero y barbero debemos recalcar que ha sido ganador de la <strong>Q de calidad<\/strong> con Estrellas en <strong>Creatividad <\/strong>y <strong>Global Salon <\/strong>otorgada por la Gu\u00eda de calidad de la peluquer\u00eda espa\u00f1ola <strong><a href=\"http:\/\/www.theqhair.com\/\">TheQHair<\/a><\/strong>. <\/p>\n<!-- \/wp:paragraph -->\n\n<!-- wp:image -->\n<figure class=\"wp-block-image\"><img decoding=\"async\" src=\"https:\/\/recomiend.app\/blog\/wp-content\/uploads\/2023\/01\/image-83-1024x522.webp\" alt=\"\"\/><\/figure>\n<!-- \/wp:image -->\n\n<!-- wp:paragraph -->\n<p>Seguro que has escuchado el nombre de estas <strong>celebrities<\/strong>: <strong>Mar\u00eda Pombo<\/strong>, <strong>Rosanna Zanetti<\/strong>, <strong>Carmen Lomana<\/strong>, pero \u00bfQui\u00e9n es el peluquero que est\u00e1 detr\u00e1s de los \u00ablooks\u00bb de estas <strong>famosas<\/strong>? Ni es ni m\u00e1s ni menos que <strong><a href=\"https:\/\/www.instagram.com\/juandiegoteo_\/?hl=es\">Juan Diego Teo<\/a><\/strong>. Las personas que pasan por las manos de este <strong>joven peluquero murciano<\/strong> de 30 a\u00f1os siempre salen con una sonrisa en el rostro, es por ello que no para de recibir comentarios positivos en sus <strong>redes sociales<\/strong>, \u201cExcelente trabajo. Bravo\u201d \u201cCrack \ud83d\udda4\ud83d\udd1d\ud83d\udda4\ud83d\udd1d\u201d. Si quieres ponerte al d\u00eda con tu peinado, no olvides echar un vistazo a su <strong><a href=\"https:\/\/www.instagram.com\/juandiegoteo_\/\">Instagram<\/a><\/strong>, donde podr\u00e1s ver que es que se est\u00e1 llevando este <strong>2023<\/strong>.<\/p>\n<!-- \/wp:paragraph -->\n\n<!-- wp:image {\"width\":841,\"height\":631,\"linkDestination\":\"custom\"} -->\n<figure class=\"wp-block-image is-resized\"><a href=\"https:\/\/www.instagram.com\/p\/CPihqK6rzOE\/?utm_source=ig_embed&amp;ig_rid=4be1bfe8-ff4c-4af7-979f-e2989461d9a7\"><img loading=\"lazy\" decoding=\"async\" src=\"https:\/\/recomiend.app\/blog\/wp-content\/uploads\/2023\/01\/f.elconfidencial.com_original_fd0_a90_519_fd0a90519d3606125997f1c9a355e0e7-1024x768.webp\" alt=\"\" width=\"841\" height=\"631\"\/><\/a><\/figure>\n<!-- \/wp:image -->\n\n<!-- wp:paragraph -->\n<p>Uno de los <strong>estilistas de moda<\/strong> en Espa\u00f1a no es otro que <strong><a href=\"https:\/\/www.instagram.com\/jesusdepaula\/?hl=es\">Jesus de Paula<\/a><\/strong>, peluquero de artistas y famosos como <strong>Ester Exp\u00f3sito<\/strong> o <strong>Aitana<\/strong>. Este estilista, ha ido ganando popularidad poco a poco entre los <strong>celebrities<\/strong>, convirti\u00e9ndose en uno de los peluqueros m\u00e1s demandados por los <strong>famosos espa\u00f1oles<\/strong>. Es m\u00e1s que seguro que si alguna vez has visto alg\u00fan look que te ha llamado la atenci\u00f3n en la <strong><a href=\"https:\/\/www.premiosgoya.com\/\">Ceremonia de Los Goya<\/a><\/strong> o en <strong><a href=\"https:\/\/los40.com\/tag\/los40_music_awards\/a\/\">LOS40 Music Awards<\/a><\/strong>, es bastante seguro que haya sido elaborado de la mano de <strong>Jes\u00fas de Paula<\/strong>.<\/p>\n<!-- \/wp:paragraph -->\n\n<!-- wp:image {\"width\":1024,\"height\":576,\"linkDestination\":\"custom\"} -->\n<figure class=\"wp-block-image is-resized\"><a href=\"https:\/\/www.youtube.com\/watch?v=mboAN4PLAPc\"><img loading=\"lazy\" decoding=\"async\" src=\"https:\/\/recomiend.app\/blog\/wp-content\/uploads\/2023\/01\/maxresdefault-1-1024x576.webp\" alt=\"\" width=\"1024\" height=\"576\"\/><\/a><\/figure>\n<!-- \/wp:image -->\n\n<!-- wp:paragraph -->\n<p>Finalmente, y no por ello menos importante, tenemos que nombrar al peluquero del cantante Quevedo, <a href=\"https:\/\/www.instagram.com\/alberthebarberr\/?hl=es\">Alberto Santana Gonzalez<\/a>. Este \u00faltimo no solo se ha hecho viral por ser el <strong>famoso<\/strong> <strong>peluquero<\/strong> y <strong>barbero<\/strong> de unos de los cantantes del momento si no por sus videos en <strong>redes sociales <\/strong>donde aparece el cuello del <strong>artista canario<\/strong> totalmente rojo, aspecto que las redes no han dejado pasar y ahora podemos encontrar numerosos <a href=\"https:\/\/www.tiktok.com\/@bymazapan777\/video\/7190172889784552710?q=corte%20de%20pelo%20de%20quevedo&amp;t=1674562661254\">memes<\/a> con el cuello del <strong>cantante espa\u00f1ol<\/strong>. <\/p>\n<!-- \/wp:paragraph -->\n\n<!-- wp:image {\"id\":1824,\"width\":510,\"sizeSlug\":\"full\",\"linkDestination\":\"none\"} -->\n<figure class=\"wp-block-image size-full is-resized\"><img data-dominant-color=\"8b7d7a\" data-has-transparency=\"false\" style=\"--dominant-color: #8b7d7a;\" decoding=\"async\" src=\"https:\/\/recomiend.app\/blog\/wp-content\/uploads\/2023\/01\/Fm2l7a8XwAsQnKT-edited-1.webp\" alt=\"\" class=\"not-transparent wp-image-1824\" width=\"510\" srcset=\"https:\/\/recomiend.app\/blog\/wp-content\/uploads\/2023\/01\/Fm2l7a8XwAsQnKT-edited-1.webp 622w, https:\/\/recomiend.app\/blog\/wp-content\/uploads\/2023\/01\/Fm2l7a8XwAsQnKT-edited-1-300x300.webp 300w, https:\/\/recomiend.app\/blog\/wp-content\/uploads\/2023\/01\/Fm2l7a8XwAsQnKT-edited-1-150x150.webp 150w\" sizes=\"(max-width: 622px) 100vw, 622px\" \/><\/figure>\n<!-- \/wp:image -->\n\n<!-- wp:paragraph -->\n<p><\/p>\n<!-- \/wp:paragraph -->\t\t\t\t\t\t<\/div>\n\t\t\t\t<\/div>\n\t\t\t\t<div class=\"elementor-element elementor-element-8866ef2 elementor-widget elementor-widget-text-editor\" data-id=\"8866ef2\" data-element_type=\"widget\" data-widget_type=\"text-editor.default\">\n\t\t\t\t<div class=\"elementor-widget-container\">\n\t\t\t\t\t\t\t<p>Si quieres puedes visitar quienes son los <a href=\"https:\/\/recomiend.app\/blog\/arquitectos-reformas-famosos\/\"><strong>arquitectos y reformistas de los famosos<\/strong><\/a><\/p>\t\t\t\t\t\t<\/div>\n\t\t\t\t<\/div>\n\t\t\t\t\t<\/div>\n\t\t<\/div>\n\t\t\t\t\t\t\t<\/div>\n\t\t<\/section>\n\t\t\t\t\t\t\t<\/div>\n\t\t","protected":false},"excerpt":{"rendered":"<p>\u00bfSab\u00edas que Shakira y Elsa Pataky comparten peluquero o que famosas como Mar\u00eda Pombo y Carmen Lomana acuden al mismo sal\u00f3n de belleza? Los famosos siempre han sido conocidos por tener un estilo de vida \u00fanico y lujoso, y su cuidado personal no es la excepci\u00f3n. Muchas celebridades conf\u00edan en los mejores salones de belleza [&hellip;]<\/p>\n","protected":false},"author":14,"featured_media":1821,"comment_status":"open","ping_status":"open","sticky":false,"template":"elementor_theme","format":"standard","meta":{"inline_featured_image":false,"footnotes":""},"categories":[9,469,504],"tags":[123,471,480],"acf":[],"yoast_head":"<!-- This site is optimized with the Yoast SEO plugin v21.0 - https:\/\/yoast.com\/wordpress\/plugins\/seo\/ -->\n<title>Los peluqueros y estilistas de los famosos<\/title>\n<meta name=\"description\" content=\"Estos son las peluqueros o los salones de belleza a los que acuden los famosos en Espa\u00f1a como son Shakira, Mar\u00eda Pombo...\" \/>\n<meta name=\"robots\" content=\"index, follow, max-snippet:-1, max-image-preview:large, max-video-preview:-1\" \/>\n<link rel=\"canonical\" href=\"https:\/\/recomiend.app\/blog\/peluqueros-estilistas-famosos\/\" \/>\n<meta property=\"og:locale\" content=\"es_ES\" \/>\n<meta property=\"og:type\" content=\"article\" \/>\n<meta property=\"og:title\" content=\"Los peluqueros y estilistas de los famosos\" \/>\n<meta property=\"og:description\" content=\"Estos son las peluqueros o los salones de belleza a los que acuden los famosos en Espa\u00f1a como son Shakira, Mar\u00eda Pombo...\" \/>\n<meta property=\"og:url\" content=\"https:\/\/recomiend.app\/blog\/peluqueros-estilistas-famosos\/\" \/>\n<meta property=\"og:site_name\" content=\"Recomiend.app | Profesionales de confianza\" \/>\n<meta property=\"article:publisher\" content=\"https:\/\/www.facebook.com\/Recomiendapp\" \/>\n<meta property=\"article:published_time\" content=\"2023-01-30T10:50:07+00:00\" \/>\n<meta property=\"article:modified_time\" content=\"2025-07-03T11:44:01+00:00\" \/>\n<meta property=\"og:image\" content=\"https:\/\/recomiend.app\/blog\/wp-content\/uploads\/2023\/01\/maxresdefault-1-jpg-e1674562015925.webp\" \/>\n\t<meta property=\"og:image:width\" content=\"750\" \/>\n\t<meta property=\"og:image:height\" content=\"422\" \/>\n\t<meta property=\"og:image:type\" content=\"image\/jpeg\" \/>\n<meta name=\"author\" content=\"Mikel Cabeza\" \/>\n<meta name=\"twitter:card\" content=\"summary_large_image\" \/>\n<meta name=\"twitter:creator\" content=\"@recomiendapp\" \/>\n<meta name=\"twitter:site\" content=\"@recomiendapp\" \/>\n<meta name=\"twitter:label1\" content=\"Escrito por\" \/>\n\t<meta name=\"twitter:data1\" content=\"Mikel Cabeza\" \/>\n\t<meta name=\"twitter:label2\" content=\"Tiempo de lectura\" \/>\n\t<meta name=\"twitter:data2\" content=\"6 minutos\" \/>\n<script type=\"application\/ld+json\" class=\"yoast-schema-graph\">{\"@context\":\"https:\/\/schema.org\",\"@graph\":[{\"@type\":\"Article\",\"@id\":\"https:\/\/recomiend.app\/blog\/peluqueros-estilistas-famosos\/#article\",\"isPartOf\":{\"@id\":\"https:\/\/recomiend.app\/blog\/peluqueros-estilistas-famosos\/\"},\"author\":{\"name\":\"Mikel Cabeza\",\"@id\":\"https:\/\/recomiend.app\/blog\/#\/schema\/person\/f943ee7ea36cf22d106890f73fecd395\"},\"headline\":\"Los peluqueros y estilistas de los famosos\",\"datePublished\":\"2023-01-30T10:50:07+00:00\",\"dateModified\":\"2025-07-03T11:44:01+00:00\",\"mainEntityOfPage\":{\"@id\":\"https:\/\/recomiend.app\/blog\/peluqueros-estilistas-famosos\/\"},\"wordCount\":708,\"commentCount\":0,\"publisher\":{\"@id\":\"https:\/\/recomiend.app\/blog\/#organization\"},\"keywords\":[\"Aut\u00f3nomos\",\"famosos\",\"nacional\"],\"articleSection\":[\"Est\u00e9tica\",\"Peluquer\u00eda\",\"Tendencias\"],\"inLanguage\":\"es\",\"potentialAction\":[{\"@type\":\"CommentAction\",\"name\":\"Comment\",\"target\":[\"https:\/\/recomiend.app\/blog\/peluqueros-estilistas-famosos\/#respond\"]}]},{\"@type\":\"WebPage\",\"@id\":\"https:\/\/recomiend.app\/blog\/peluqueros-estilistas-famosos\/\",\"url\":\"https:\/\/recomiend.app\/blog\/peluqueros-estilistas-famosos\/\",\"name\":\"Los peluqueros y estilistas de los famosos\",\"isPartOf\":{\"@id\":\"https:\/\/recomiend.app\/blog\/#website\"},\"datePublished\":\"2023-01-30T10:50:07+00:00\",\"dateModified\":\"2025-07-03T11:44:01+00:00\",\"description\":\"Estos son las peluqueros o los salones de belleza a los que acuden los famosos en Espa\u00f1a como son Shakira, Mar\u00eda Pombo...\",\"breadcrumb\":{\"@id\":\"https:\/\/recomiend.app\/blog\/peluqueros-estilistas-famosos\/#breadcrumb\"},\"inLanguage\":\"es\",\"potentialAction\":[{\"@type\":\"ReadAction\",\"target\":[\"https:\/\/recomiend.app\/blog\/peluqueros-estilistas-famosos\/\"]}]},{\"@type\":\"BreadcrumbList\",\"@id\":\"https:\/\/recomiend.app\/blog\/peluqueros-estilistas-famosos\/#breadcrumb\",\"itemListElement\":[{\"@type\":\"ListItem\",\"position\":1,\"name\":\"Portada\",\"item\":\"https:\/\/recomiend.app\/blog\/\"},{\"@type\":\"ListItem\",\"position\":2,\"name\":\"Los peluqueros y estilistas de los famosos\"}]},{\"@type\":\"WebSite\",\"@id\":\"https:\/\/recomiend.app\/blog\/#website\",\"url\":\"https:\/\/recomiend.app\/blog\/\",\"name\":\"Mejor que un Directorio de Profesionales - Recomiend.app\",\"description\":\"Encuentra en Recomiend.app los mejores profesionales recomendados por tus amigos o gente de tu entorno. Abogado, fisioterapeuta, alba\u00f1il, limpiador, mecanico, pintor.\",\"publisher\":{\"@id\":\"https:\/\/recomiend.app\/blog\/#organization\"},\"potentialAction\":[{\"@type\":\"SearchAction\",\"target\":{\"@type\":\"EntryPoint\",\"urlTemplate\":\"https:\/\/recomiend.app\/blog\/?s={search_term_string}\"},\"query-input\":\"required name=search_term_string\"}],\"inLanguage\":\"es\"},{\"@type\":\"Organization\",\"@id\":\"https:\/\/recomiend.app\/blog\/#organization\",\"name\":\"Recomiend.app\",\"url\":\"https:\/\/recomiend.app\/blog\/\",\"logo\":{\"@type\":\"ImageObject\",\"inLanguage\":\"es\",\"@id\":\"https:\/\/recomiend.app\/blog\/#\/schema\/logo\/image\/\",\"url\":\"https:\/\/recomiend.appwp-content\/uploads\/2023\/01\/LogoRecomiendapp_v2_vertical-blanco-e1673277774782.png\",\"contentUrl\":\"https:\/\/recomiend.appwp-content\/uploads\/2023\/01\/LogoRecomiendapp_v2_vertical-blanco-e1673277774782.png\",\"width\":700,\"height\":127,\"caption\":\"Recomiend.app\"},\"image\":{\"@id\":\"https:\/\/recomiend.app\/blog\/#\/schema\/logo\/image\/\"},\"sameAs\":[\"https:\/\/www.facebook.com\/Recomiendapp\",\"https:\/\/twitter.com\/recomiendapp\",\"https:\/\/www.instagram.com\/recomiend.app\/\",\"https:\/\/www.linkedin.com\/company\/recomiend-app\/\",\"https:\/\/www.youtube.com\/channel\/UCLu1iJqKar73UPOO8-5m7sw\"]},{\"@type\":\"Person\",\"@id\":\"https:\/\/recomiend.app\/blog\/#\/schema\/person\/f943ee7ea36cf22d106890f73fecd395\",\"name\":\"Mikel Cabeza\",\"url\":\"https:\/\/recomiend.app\/blog\/author\/mikel\/\"}]}<\/script>\n<!-- \/ Yoast SEO plugin. -->","yoast_head_json":{"title":"Los peluqueros y estilistas de los famosos","description":"Estos son las peluqueros o los salones de belleza a los que acuden los famosos en Espa\u00f1a como son Shakira, Mar\u00eda Pombo...","robots":{"index":"index","follow":"follow","max-snippet":"max-snippet:-1","max-image-preview":"max-image-preview:large","max-video-preview":"max-video-preview:-1"},"canonical":"https:\/\/recomiend.app\/blog\/peluqueros-estilistas-famosos\/","og_locale":"es_ES","og_type":"article","og_title":"Los peluqueros y estilistas de los famosos","og_description":"Estos son las peluqueros o los salones de belleza a los que acuden los famosos en Espa\u00f1a como son Shakira, Mar\u00eda Pombo...","og_url":"https:\/\/recomiend.app\/blog\/peluqueros-estilistas-famosos\/","og_site_name":"Recomiend.app | Profesionales de confianza","article_publisher":"https:\/\/www.facebook.com\/Recomiendapp","article_published_time":"2023-01-30T10:50:07+00:00","article_modified_time":"2025-07-03T11:44:01+00:00","og_image":[{"width":750,"height":422,"url":"https:\/\/recomiend.app\/blog\/wp-content\/uploads\/2023\/01\/maxresdefault-1-jpg-e1674562015925.webp","type":"image\/jpeg"}],"author":"Mikel Cabeza","twitter_card":"summary_large_image","twitter_creator":"@recomiendapp","twitter_site":"@recomiendapp","twitter_misc":{"Escrito por":"Mikel Cabeza","Tiempo de lectura":"6 minutos"},"schema":{"@context":"https:\/\/schema.org","@graph":[{"@type":"Article","@id":"https:\/\/recomiend.app\/blog\/peluqueros-estilistas-famosos\/#article","isPartOf":{"@id":"https:\/\/recomiend.app\/blog\/peluqueros-estilistas-famosos\/"},"author":{"name":"Mikel Cabeza","@id":"https:\/\/recomiend.app\/blog\/#\/schema\/person\/f943ee7ea36cf22d106890f73fecd395"},"headline":"Los peluqueros y estilistas de los famosos","datePublished":"2023-01-30T10:50:07+00:00","dateModified":"2025-07-03T11:44:01+00:00","mainEntityOfPage":{"@id":"https:\/\/recomiend.app\/blog\/peluqueros-estilistas-famosos\/"},"wordCount":708,"commentCount":0,"publisher":{"@id":"https:\/\/recomiend.app\/blog\/#organization"},"keywords":["Aut\u00f3nomos","famosos","nacional"],"articleSection":["Est\u00e9tica","Peluquer\u00eda","Tendencias"],"inLanguage":"es","potentialAction":[{"@type":"CommentAction","name":"Comment","target":["https:\/\/recomiend.app\/blog\/peluqueros-estilistas-famosos\/#respond"]}]},{"@type":"WebPage","@id":"https:\/\/recomiend.app\/blog\/peluqueros-estilistas-famosos\/","url":"https:\/\/recomiend.app\/blog\/peluqueros-estilistas-famosos\/","name":"Los peluqueros y estilistas de los famosos","isPartOf":{"@id":"https:\/\/recomiend.app\/blog\/#website"},"datePublished":"2023-01-30T10:50:07+00:00","dateModified":"2025-07-03T11:44:01+00:00","description":"Estos son las peluqueros o los salones de belleza a los que acuden los famosos en Espa\u00f1a como son Shakira, Mar\u00eda Pombo...","breadcrumb":{"@id":"https:\/\/recomiend.app\/blog\/peluqueros-estilistas-famosos\/#breadcrumb"},"inLanguage":"es","potentialAction":[{"@type":"ReadAction","target":["https:\/\/recomiend.app\/blog\/peluqueros-estilistas-famosos\/"]}]},{"@type":"BreadcrumbList","@id":"https:\/\/recomiend.app\/blog\/peluqueros-estilistas-famosos\/#breadcrumb","itemListElement":[{"@type":"ListItem","position":1,"name":"Portada","item":"https:\/\/recomiend.app\/blog\/"},{"@type":"ListItem","position":2,"name":"Los peluqueros y estilistas de los famosos"}]},{"@type":"WebSite","@id":"https:\/\/recomiend.app\/blog\/#website","url":"https:\/\/recomiend.app\/blog\/","name":"Mejor que un Directorio de Profesionales - Recomiend.app","description":"Encuentra en Recomiend.app los mejores profesionales recomendados por tus amigos o gente de tu entorno. Abogado, fisioterapeuta, alba\u00f1il, limpiador, mecanico, pintor.","publisher":{"@id":"https:\/\/recomiend.app\/blog\/#organization"},"potentialAction":[{"@type":"SearchAction","target":{"@type":"EntryPoint","urlTemplate":"https:\/\/recomiend.app\/blog\/?s={search_term_string}"},"query-input":"required name=search_term_string"}],"inLanguage":"es"},{"@type":"Organization","@id":"https:\/\/recomiend.app\/blog\/#organization","name":"Recomiend.app","url":"https:\/\/recomiend.app\/blog\/","logo":{"@type":"ImageObject","inLanguage":"es","@id":"https:\/\/recomiend.app\/blog\/#\/schema\/logo\/image\/","url":"https:\/\/recomiend.appwp-content\/uploads\/2023\/01\/LogoRecomiendapp_v2_vertical-blanco-e1673277774782.png","contentUrl":"https:\/\/recomiend.appwp-content\/uploads\/2023\/01\/LogoRecomiendapp_v2_vertical-blanco-e1673277774782.png","width":700,"height":127,"caption":"Recomiend.app"},"image":{"@id":"https:\/\/recomiend.app\/blog\/#\/schema\/logo\/image\/"},"sameAs":["https:\/\/www.facebook.com\/Recomiendapp","https:\/\/twitter.com\/recomiendapp","https:\/\/www.instagram.com\/recomiend.app\/","https:\/\/www.linkedin.com\/company\/recomiend-app\/","https:\/\/www.youtube.com\/channel\/UCLu1iJqKar73UPOO8-5m7sw"]},{"@type":"Person","@id":"https:\/\/recomiend.app\/blog\/#\/schema\/person\/f943ee7ea36cf22d106890f73fecd395","name":"Mikel Cabeza","url":"https:\/\/recomiend.app\/blog\/author\/mikel\/"}]}},"_links":{"self":[{"href":"https:\/\/recomiend.app\/blog\/wp-json\/wp\/v2\/posts\/1801"}],"collection":[{"href":"https:\/\/recomiend.app\/blog\/wp-json\/wp\/v2\/posts"}],"about":[{"href":"https:\/\/recomiend.app\/blog\/wp-json\/wp\/v2\/types\/post"}],"author":[{"embeddable":true,"href":"https:\/\/recomiend.app\/blog\/wp-json\/wp\/v2\/users\/14"}],"replies":[{"embeddable":true,"href":"https:\/\/recomiend.app\/blog\/wp-json\/wp\/v2\/comments?post=1801"}],"version-history":[{"count":9,"href":"https:\/\/recomiend.app\/blog\/wp-json\/wp\/v2\/posts\/1801\/revisions"}],"predecessor-version":[{"id":7082,"href":"https:\/\/recomiend.app\/blog\/wp-json\/wp\/v2\/posts\/1801\/revisions\/7082"}],"wp:featuredmedia":[{"embeddable":true,"href":"https:\/\/recomiend.app\/blog\/wp-json\/wp\/v2\/media\/1821"}],"wp:attachment":[{"href":"https:\/\/recomiend.app\/blog\/wp-json\/wp\/v2\/media?parent=1801"}],"wp:term":[{"taxonomy":"category","embeddable":true,"href":"https:\/\/recomiend.app\/blog\/wp-json\/wp\/v2\/categories?post=1801"},{"taxonomy":"post_tag","embeddable":true,"href":"https:\/\/recomiend.app\/blog\/wp-json\/wp\/v2\/tags?post=1801"}],"curies":[{"name":"wp","href":"https:\/\/api.w.org\/{rel}","templated":true}]}}